{"id":577,"date":"2021-10-23T12:21:19","date_gmt":"2021-10-23T10:21:19","guid":{"rendered":"http:\/\/www.belisamart.fr\/Belisamart-Blog\/?p=577"},"modified":"2021-10-23T12:57:01","modified_gmt":"2021-10-23T10:57:01","slug":"florent-lucea","status":"publish","type":"post","link":"http:\/\/www.belisamart.fr\/Belisamart-Blog\/florent-lucea\/","title":{"rendered":"Florent Luc\u00e9a"},"content":{"rendered":"\t\t<div data-elementor-type=\"wp-post\" data-elementor-id=\"577\" class=\"elementor elementor-577\">\n\t\t\t\t\t\t<section class=\"elementor-section elementor-top-section elementor-element elementor-element-1888e93 elementor-section-boxed elementor-section-height-default elementor-section-height-default\" data-id=\"1888e93\" data-element_type=\"section\" data-e-type=\"section\">\n\t\t\t\t\t\t<div class=\"elementor-container elementor-column-gap-default\">\n\t\t\t\t\t<div class=\"elementor-column elementor-col-100 elementor-top-column elementor-element elementor-element-f6b1cd0\" data-id=\"f6b1cd0\" data-element_type=\"column\" data-e-type=\"column\">\n\t\t\t<div class=\"elementor-widget-wrap elementor-element-populated\">\n\t\t\t\t\t\t<div class=\"elementor-element elementor-element-70e07f3 elementor-widget elementor-widget-text-editor\" data-id=\"70e07f3\" data-element_type=\"widget\" data-e-type=\"widget\" data-widget_type=\"text-editor.default\">\n\t\t\t\t<div class=\"elementor-widget-container\">\n\t\t\t\t\t\t\t\t\t<p><strong>Bonjour Florent Luc\u00e9a.<\/strong><\/p><p><strong>Merci de bien vouloir te pr\u00e9senter en quelques lignes.<\/strong><\/p>\t\t\t\t\t\t\t\t<\/div>\n\t\t\t\t<\/div>\n\t\t\t\t\t<\/div>\n\t\t<\/div>\n\t\t\t\t\t<\/div>\n\t\t<\/section>\n\t\t\t\t<section class=\"elementor-section elementor-top-section elementor-element elementor-element-c52d86c elementor-section-boxed elementor-section-height-default elementor-section-height-default\" data-id=\"c52d86c\" data-element_type=\"section\" data-e-type=\"section\">\n\t\t\t\t\t\t<div class=\"elementor-container elementor-column-gap-default\">\n\t\t\t\t\t<div class=\"elementor-column elementor-col-50 elementor-top-column elementor-element elementor-element-32bd400\" data-id=\"32bd400\" data-element_type=\"column\" data-e-type=\"column\">\n\t\t\t<div class=\"elementor-widget-wrap elementor-element-populated\">\n\t\t\t\t\t\t<div class=\"elementor-element elementor-element-2773d79 elementor-widget elementor-widget-text-editor\" data-id=\"2773d79\" data-element_type=\"widget\" data-e-type=\"widget\" data-widget_type=\"text-editor.default\">\n\t\t\t\t<div class=\"elementor-widget-container\">\n\t\t\t\t\t\t\t\t\t<p class=\"western\" align=\"justify\"><span style=\"color: #000000;\"><span style=\"font-family: Gentium Book Basic;\"><span style=\"font-size: large;\">Bonjour, je suis Florent Luc\u00e9a, po\u00e8te-illustrateur, Artiste-Auteur, directeur de la Collection Encre S\u00e8che (orient\u00e9e BD, mangas et romans graphiques) des <strong>\u00c9ditions Ex-Aequo<\/strong> (je suis aussi illustrateur et auteur chez cette maison d\u2019\u00e9dition militante \u00e0 compte d\u2019\u00e9diteur en jeunesse et en th\u00e9\u00e2tre pour le moment), chroniqueur BD pour <strong>Litzic.fr<\/strong> (j\u2019entame ma deuxi\u00e8me ann\u00e9e en septembre) et je travaille aussi dans l\u2019\u00c9ducation Nationale. Je vis \u00e0 Pessac depuis 2003. Je suis p\u00e9rigourdin par ma m\u00e8re et martiniquais par mon p\u00e8re. J\u2019ai un demi-fr\u00e8re a\u00een\u00e9 et une s\u0153ur cadette. J\u2019ai v\u00e9cu deux ans en Guadeloupe, \u00e0 la fin des ann\u00e9es 90. J\u2019aime la nature, les arts pluriels, la lecture, l\u2019\u00e9criture et les promenades p\u00e9destres ressour\u00e7ant l\u2019esprit.<\/span><\/span><\/span><\/p>\t\t\t\t\t\t\t\t<\/div>\n\t\t\t\t<\/div>\n\t\t\t\t\t<\/div>\n\t\t<\/div>\n\t\t\t\t<div class=\"elementor-column elementor-col-50 elementor-top-column elementor-element elementor-element-deb5965\" data-id=\"deb5965\" data-element_type=\"column\" data-e-type=\"column\">\n\t\t\t<div class=\"elementor-widget-wrap elementor-element-populated\">\n\t\t\t\t\t\t<div class=\"elementor-element elementor-element-8a5c90e elementor-widget elementor-widget-image\" data-id=\"8a5c90e\" data-element_type=\"widget\" data-e-type=\"widget\" data-widget_type=\"image.default\">\n\t\t\t\t<div class=\"elementor-widget-container\">\n\t\t\t\t\t\t\t\t\t\t\t\t\t\t\t<img fetchpriority=\"high\" decoding=\"async\" data-attachment-id=\"583\" data-permalink=\"http:\/\/www.belisamart.fr\/Belisamart-Blog\/florent-lucea\/img_20210828_120604\/\" data-orig-file=\"https:\/\/i0.wp.com\/www.belisamart.fr\/Belisamart-Blog\/wp-content\/uploads\/2021\/10\/IMG_20210828_120604.jpg?fit=1595%2C2232\" data-orig-size=\"1595,2232\" data-comments-opened=\"1\" data-image-meta=\"{&quot;aperture&quot;:&quot;2.8&quot;,&quot;credit&quot;:&quot;&quot;,&quot;camera&quot;:&quot;Nokia 1 Plus&quot;,&quot;caption&quot;:&quot;&quot;,&quot;created_timestamp&quot;:&quot;1630152365&quot;,&quot;copyright&quot;:&quot;&quot;,&quot;focal_length&quot;:&quot;2.83&quot;,&quot;iso&quot;:&quot;594&quot;,&quot;shutter_speed&quot;:&quot;0.080002&quot;,&quot;title&quot;:&quot;&quot;,&quot;orientation&quot;:&quot;1&quot;}\" data-image-title=\"Photo Florent Lucea\" data-image-description=\"&lt;p&gt;Photo Florent Lucea&lt;\/p&gt;\n\" data-image-caption=\"\" data-large-file=\"https:\/\/i0.wp.com\/www.belisamart.fr\/Belisamart-Blog\/wp-content\/uploads\/2021\/10\/IMG_20210828_120604.jpg?fit=750%2C750\" width=\"750\" height=\"750\" src=\"https:\/\/i0.wp.com\/www.belisamart.fr\/Belisamart-Blog\/wp-content\/uploads\/2021\/10\/IMG_20210828_120604.jpg?fit=750%2C750\" class=\"attachment-large size-large wp-image-583\" alt=\"Photo Florent Lucea\" srcset=\"https:\/\/i0.wp.com\/www.belisamart.fr\/Belisamart-Blog\/wp-content\/uploads\/2021\/10\/IMG_20210828_120604.jpg?resize=300%2C300 300w, https:\/\/i0.wp.com\/www.belisamart.fr\/Belisamart-Blog\/wp-content\/uploads\/2021\/10\/IMG_20210828_120604.jpg?resize=1024%2C1024 1024w, https:\/\/i0.wp.com\/www.belisamart.fr\/Belisamart-Blog\/wp-content\/uploads\/2021\/10\/IMG_20210828_120604.jpg?resize=150%2C150 150w, https:\/\/i0.wp.com\/www.belisamart.fr\/Belisamart-Blog\/wp-content\/uploads\/2021\/10\/IMG_20210828_120604.jpg?resize=768%2C768 768w, https:\/\/i0.wp.com\/www.belisamart.fr\/Belisamart-Blog\/wp-content\/uploads\/2021\/10\/IMG_20210828_120604.jpg?resize=50%2C50 50w, https:\/\/i0.wp.com\/www.belisamart.fr\/Belisamart-Blog\/wp-content\/uploads\/2021\/10\/IMG_20210828_120604.jpg?zoom=2&amp;resize=750%2C750 1500w\" sizes=\"(max-width: 750px) 100vw, 750px\" data-attachment-id=\"583\" data-permalink=\"http:\/\/www.belisamart.fr\/Belisamart-Blog\/florent-lucea\/img_20210828_120604\/\" data-orig-file=\"https:\/\/i0.wp.com\/www.belisamart.fr\/Belisamart-Blog\/wp-content\/uploads\/2021\/10\/IMG_20210828_120604.jpg?fit=1595%2C2232\" data-orig-size=\"1595,2232\" data-comments-opened=\"1\" data-image-meta=\"{&quot;aperture&quot;:&quot;2.8&quot;,&quot;credit&quot;:&quot;&quot;,&quot;camera&quot;:&quot;Nokia 1 Plus&quot;,&quot;caption&quot;:&quot;&quot;,&quot;created_timestamp&quot;:&quot;1630152365&quot;,&quot;copyright&quot;:&quot;&quot;,&quot;focal_length&quot;:&quot;2.83&quot;,&quot;iso&quot;:&quot;594&quot;,&quot;shutter_speed&quot;:&quot;0.080002&quot;,&quot;title&quot;:&quot;&quot;,&quot;orientation&quot;:&quot;1&quot;}\" data-image-title=\"Photo Florent Lucea\" data-image-description=\"&lt;p&gt;Photo Florent Lucea&lt;\/p&gt;\n\" data-image-caption=\"\" data-large-file=\"https:\/\/i0.wp.com\/www.belisamart.fr\/Belisamart-Blog\/wp-content\/uploads\/2021\/10\/IMG_20210828_120604.jpg?fit=750%2C750\" \/>\t\t\t\t\t\t\t\t\t\t\t\t\t\t\t<\/div>\n\t\t\t\t<\/div>\n\t\t\t\t\t<\/div>\n\t\t<\/div>\n\t\t\t\t\t<\/div>\n\t\t<\/section>\n\t\t\t\t<section class=\"elementor-section elementor-top-section elementor-element elementor-element-53bc89a elementor-section-boxed elementor-section-height-default elementor-section-height-default\" data-id=\"53bc89a\" data-element_type=\"section\" data-e-type=\"section\">\n\t\t\t\t\t\t<div class=\"elementor-container elementor-column-gap-default\">\n\t\t\t\t\t<div class=\"elementor-column elementor-col-100 elementor-top-column elementor-element elementor-element-f47da9a\" data-id=\"f47da9a\" data-element_type=\"column\" data-e-type=\"column\">\n\t\t\t<div class=\"elementor-widget-wrap elementor-element-populated\">\n\t\t\t\t\t\t<div class=\"elementor-element elementor-element-465a9d5 elementor-widget elementor-widget-text-editor\" data-id=\"465a9d5\" data-element_type=\"widget\" data-e-type=\"widget\" data-widget_type=\"text-editor.default\">\n\t\t\t\t<div class=\"elementor-widget-container\">\n\t\t\t\t\t\t\t\t\t<p class=\"western\" align=\"justify\"><strong><span style=\"color: #000000;\"><span style=\"font-family: Gentium Book Basic;\"><span style=\"font-size: large;\">Depuis combien de temps es-tu devenu professionnel\u00a0? Est ce que tu dessinais auparavant\u00a0? As-tu fait des \u00e9tudes artistiques\u00a0? Comment ce projet professionnel est-il n\u00e9\u00a0? Pourquoi avoir choisi ce genre pictural\u00a0? Quels obstacles as-tu rencontr\u00e9s\u00a0? Peux-tu nous expliquer comment fonctionne ton activit\u00e9\u00a0? <\/span><\/span><\/span><\/strong><\/p>\t\t\t\t\t\t\t\t<\/div>\n\t\t\t\t<\/div>\n\t\t\t\t\t<\/div>\n\t\t<\/div>\n\t\t\t\t\t<\/div>\n\t\t<\/section>\n\t\t\t\t<section class=\"elementor-section elementor-top-section elementor-element elementor-element-4d3788d elementor-section-boxed elementor-section-height-default elementor-section-height-default\" data-id=\"4d3788d\" data-element_type=\"section\" data-e-type=\"section\">\n\t\t\t\t\t\t<div class=\"elementor-container elementor-column-gap-default\">\n\t\t\t\t\t<div class=\"elementor-column elementor-col-100 elementor-top-column elementor-element elementor-element-6c2a1ec\" data-id=\"6c2a1ec\" data-element_type=\"column\" data-e-type=\"column\">\n\t\t\t<div class=\"elementor-widget-wrap elementor-element-populated\">\n\t\t\t\t\t\t<div class=\"elementor-element elementor-element-949e9d6 elementor-widget elementor-widget-text-editor\" data-id=\"949e9d6\" data-element_type=\"widget\" data-e-type=\"widget\" data-widget_type=\"text-editor.default\">\n\t\t\t\t<div class=\"elementor-widget-container\">\n\t\t\t\t\t\t\t\t\t<p class=\"western\" align=\"justify\"><span style=\"color: #000000;\"><span style=\"font-family: Gentium Book Basic;\"><span style=\"font-size: large;\">Je suis professionnel depuis 2017, inscrit \u00e0 la Maison des Artistes, et autoentrepreneur pour mes ateliers d\u2019\u00e9criture depuis 2016. Aussi loin que remonte ma m\u00e9moire, j\u2019ai toujours dessin\u00e9. Beaucoup de monstres, de cr\u00e9atures \u00e9tranges, de guerri\u00e8res et d\u2019animaux. J\u2019ai suivi des \u00e9tudes litt\u00e9raires et j\u2019ai \u00e9t\u00e9 Auditeur Libre aux Beaux-Arts de Bordeaux, mais je n\u2019ai pas de dipl\u00f4me en arts. Je suis devenu illustrateur de mes \u00e9crits tout d\u2019abord avant de collaborer avec d\u2019autres cr\u00e9atifs. \u00c0 l\u2019origine, je r\u00e9alisais des tableaux et des volumes en mati\u00e8res recycl\u00e9es, puis je me suis de plus en plus investi dans le monde de l\u2019illustration. Je me suis tourn\u00e9 vers ce moyen d\u2019expression, parce que j\u2019adore donner vie \u00e0 des mondes litt\u00e9raires n\u00e9s dans ma t\u00eate ou dans celle d\u2019autres personnes, et puis mes tableaux ont une patte d\u2019illustrateur plus que de peintre. Outre l\u2019obstacle administratif avec tous les papiers, j\u2019ai rencontr\u00e9 des soucis de m\u00e9connaissance du secteur et de moi-m\u00eame, mais j\u2019ai palli\u00e9 tous ces probl\u00e8mes en nourrissant ma curiosit\u00e9, ma soif d\u2019apprendre et de m\u2019am\u00e9liorer et j\u2019ai d\u00e9velopp\u00e9 ma propre signature. Mon activit\u00e9 regroupe plusieurs facettes d\u2019un m\u00eame prisme. Je travaille sur mes projets personnels, je collabore avec d\u2019autres auteures ou auteurs, je r\u00e9alise une couverture ou tout autre support visuel pour autrui. J\u2019ai par exemple travaill\u00e9 sur un booktrailer voil\u00e0 peu et sur un clip musical l\u2019ann\u00e9e derni\u00e8re qui devrait sortir sous peu. Les projets sont vari\u00e9s et s\u2019encha\u00eenent au hasard des rencontres et des opportunit\u00e9s. <\/span><\/span><\/span><\/p>\t\t\t\t\t\t\t\t<\/div>\n\t\t\t\t<\/div>\n\t\t\t\t\t<\/div>\n\t\t<\/div>\n\t\t\t\t\t<\/div>\n\t\t<\/section>\n\t\t\t\t<section class=\"elementor-section elementor-top-section elementor-element elementor-element-18188fc elementor-section-boxed elementor-section-height-default elementor-section-height-default\" data-id=\"18188fc\" data-element_type=\"section\" data-e-type=\"section\">\n\t\t\t\t\t\t<div class=\"elementor-container elementor-column-gap-default\">\n\t\t\t\t\t<div class=\"elementor-column elementor-col-100 elementor-top-column elementor-element elementor-element-17ca153\" data-id=\"17ca153\" data-element_type=\"column\" data-e-type=\"column\">\n\t\t\t<div class=\"elementor-widget-wrap elementor-element-populated\">\n\t\t\t\t\t\t<div class=\"elementor-element elementor-element-5fb928a elementor-widget elementor-widget-text-editor\" data-id=\"5fb928a\" data-element_type=\"widget\" data-e-type=\"widget\" data-widget_type=\"text-editor.default\">\n\t\t\t\t<div class=\"elementor-widget-container\">\n\t\t\t\t\t\t\t\t\t<p class=\"western\" align=\"justify\"><strong><span style=\"color: #000000;\"><span style=\"font-family: Gentium Book Basic;\"><span style=\"font-size: large;\">Comment se passe une journ\u00e9e de ton activit\u00e9\u00a0? Quel mat\u00e9riel utilises-tu\u00a0? Comment trouves-tu l\u2019inspiration\u00a0?<\/span><\/span><\/span><\/strong><\/p>\t\t\t\t\t\t\t\t<\/div>\n\t\t\t\t<\/div>\n\t\t\t\t\t<\/div>\n\t\t<\/div>\n\t\t\t\t\t<\/div>\n\t\t<\/section>\n\t\t\t\t<section class=\"elementor-section elementor-top-section elementor-element elementor-element-2ae7a6c elementor-section-boxed elementor-section-height-default elementor-section-height-default\" data-id=\"2ae7a6c\" data-element_type=\"section\" data-e-type=\"section\">\n\t\t\t\t\t\t<div class=\"elementor-container elementor-column-gap-default\">\n\t\t\t\t\t<div class=\"elementor-column elementor-col-100 elementor-top-column elementor-element elementor-element-19e6fad\" data-id=\"19e6fad\" data-element_type=\"column\" data-e-type=\"column\">\n\t\t\t<div class=\"elementor-widget-wrap elementor-element-populated\">\n\t\t\t\t\t\t<div class=\"elementor-element elementor-element-b1b18d0 elementor-widget elementor-widget-text-editor\" data-id=\"b1b18d0\" data-element_type=\"widget\" data-e-type=\"widget\" data-widget_type=\"text-editor.default\">\n\t\t\t\t<div class=\"elementor-widget-container\">\n\t\t\t\t\t\t\t\t\t<p class=\"western\" align=\"justify\"><span style=\"color: #000000;\"><span style=\"font-family: Gentium Book Basic;\"><span style=\"font-size: large;\">Aucune journ\u00e9e ne ressemble \u00e0 une autre. J\u2019essaie de me laisser porter pour mon envie du jour, je dresse une liste des t\u00e2ches que j\u2019aimerais r\u00e9aliser ou des projets \u00e0 avancer absolument, car la deadline est proche, et je m\u2019att\u00e8le au travail en ne perdant pas de vue le plaisir, la ma\u00eetrise du geste et la recherche. J\u2019utilise tous les m\u00e9diums possibles : stylos billes, feutres \u00e0 alcool, feutres \u00e0 pigments, feutres noirs de diff\u00e9rentes tailles de pointe, crayons \u00e0 papier, gomme (de moins en moins, car j\u2019essaie de \u00ab rebondir \u00bb, lorsqu\u2019un trait me pose probl\u00e8me).<br \/>Je travaille aussi avec l\u2019outil informatique pour cr\u00e9er des illustrations digitales. Je m\u00eale parfois le traditionnel et le DAO (Dessin Assist\u00e9 par Ordinateur). Concernant l\u2019inspiration, elle peut venir \u00e0 tout moment du jour et de la nuit, notamment au moment du coucher. Je pense \u00e0 quelque chose que j\u2019ai vu, lu ou ressenti dans la journ\u00e9e et j\u2019ai une id\u00e9e qui germe. Je m\u2019inspire \u00e9norm\u00e9ment de lectures, de visites dans des mus\u00e9es, de discussions, de tout ce qui m\u2019entoure. Tout ceci nourrit ma cr\u00e9ativit\u00e9. Je suis curieux de tout, de nouvelles pratiques, de nouveaux outils, et je ne cesse de faire des recherches graphiques pour progresser et ne pas me cantonner \u00e0 un seul style. J\u2019aime varier mes param\u00e8tres cr\u00e9atifs afin de ne pas tomber dans une routine qui me d\u00e9plairait \u00e0 la longue. J\u2019aime me surprendre et \u00e9tonner celles et ceux qui regardent mon travail.<\/span><\/span><\/span><\/p>\t\t\t\t\t\t\t\t<\/div>\n\t\t\t\t<\/div>\n\t\t\t\t\t<\/div>\n\t\t<\/div>\n\t\t\t\t\t<\/div>\n\t\t<\/section>\n\t\t\t\t<section class=\"elementor-section elementor-top-section elementor-element elementor-element-ab20220 elementor-section-boxed elementor-section-height-default elementor-section-height-default\" data-id=\"ab20220\" data-element_type=\"section\" data-e-type=\"section\">\n\t\t\t\t\t\t<div class=\"elementor-container elementor-column-gap-default\">\n\t\t\t\t\t<div class=\"elementor-column elementor-col-100 elementor-top-column elementor-element elementor-element-9991b70\" data-id=\"9991b70\" data-element_type=\"column\" data-e-type=\"column\">\n\t\t\t<div class=\"elementor-widget-wrap elementor-element-populated\">\n\t\t\t\t\t\t<div class=\"elementor-element elementor-element-e932f1b elementor-widget elementor-widget-text-editor\" data-id=\"e932f1b\" data-element_type=\"widget\" data-e-type=\"widget\" data-widget_type=\"text-editor.default\">\n\t\t\t\t<div class=\"elementor-widget-container\">\n\t\t\t\t\t\t\t\t\t<p class=\"western\" align=\"justify\"><strong><span style=\"color: #000000;\"><span style=\"font-family: Gentium Book Basic;\"><span style=\"font-size: large;\">Peux-tu nous parler de quelques une de tes r\u00e9alisations\u00a0? Est ce que tu en pr\u00e9f\u00e8res certaines\u00a0? Qu\u2019envisages-tu pour l\u2019avenir\u00a0? Tu te vois o\u00f9 dans cinq ans\u00a0?<\/span><\/span><\/span><\/strong><\/p>\t\t\t\t\t\t\t\t<\/div>\n\t\t\t\t<\/div>\n\t\t\t\t\t<\/div>\n\t\t<\/div>\n\t\t\t\t\t<\/div>\n\t\t<\/section>\n\t\t\t\t<section class=\"elementor-section elementor-top-section elementor-element elementor-element-0f67bef elementor-section-boxed elementor-section-height-default elementor-section-height-default\" data-id=\"0f67bef\" data-element_type=\"section\" data-e-type=\"section\">\n\t\t\t\t\t\t<div class=\"elementor-container elementor-column-gap-default\">\n\t\t\t\t\t<div class=\"elementor-column elementor-col-100 elementor-top-column elementor-element elementor-element-f6466e2\" data-id=\"f6466e2\" data-element_type=\"column\" data-e-type=\"column\">\n\t\t\t<div class=\"elementor-widget-wrap elementor-element-populated\">\n\t\t\t\t\t\t<div class=\"elementor-element elementor-element-4d0e2f6 elementor-widget elementor-widget-image\" data-id=\"4d0e2f6\" data-element_type=\"widget\" data-e-type=\"widget\" data-widget_type=\"image.default\">\n\t\t\t\t<div class=\"elementor-widget-container\">\n\t\t\t\t\t\t\t\t\t\t\t\t\t\t\t<img decoding=\"async\" src=\"https:\/\/i0.wp.com\/www.belisamart.fr\/Belisamart-Blog\/wp-content\/uploads\/2021\/10\/Bidulotheque-1ere-de-couverture-scaled.jpg?fit=2560%2C1828\" title=\"Biduloth\u00e8que 1\u00e8re de couverture\" alt=\"Biduloth\u00e8que 1\u00e8re de couverture\" loading=\"lazy\" \/>\t\t\t\t\t\t\t\t\t\t\t\t\t\t\t<\/div>\n\t\t\t\t<\/div>\n\t\t\t\t\t<\/div>\n\t\t<\/div>\n\t\t\t\t\t<\/div>\n\t\t<\/section>\n\t\t\t\t<section class=\"elementor-section elementor-top-section elementor-element elementor-element-f478c5f elementor-section-boxed elementor-section-height-default elementor-section-height-default\" data-id=\"f478c5f\" data-element_type=\"section\" data-e-type=\"section\">\n\t\t\t\t\t\t<div class=\"elementor-container elementor-column-gap-default\">\n\t\t\t\t\t<div class=\"elementor-column elementor-col-50 elementor-top-column elementor-element elementor-element-4738bdc\" data-id=\"4738bdc\" data-element_type=\"column\" data-e-type=\"column\">\n\t\t\t<div class=\"elementor-widget-wrap elementor-element-populated\">\n\t\t\t\t\t\t<div class=\"elementor-element elementor-element-ea1f0b0 elementor-widget elementor-widget-text-editor\" data-id=\"ea1f0b0\" data-element_type=\"widget\" data-e-type=\"widget\" data-widget_type=\"text-editor.default\">\n\t\t\t\t<div class=\"elementor-widget-container\">\n\t\t\t\t\t\t\t\t\t<p class=\"western\" align=\"justify\"><span style=\"color: #000000;\"><span style=\"font-family: Gentium Book Basic;\"><span style=\"font-size: large;\">Toutes mes r\u00e9alisations m\u2019ont apport\u00e9 quelque chose, elles m\u2019ont fait grandir et m\u00fbrir en tant que cr\u00e9atif, et j\u2019essaie toujours de donner le meilleur de moi-m\u00eame dans chaque projet. J\u2019ai r\u00e9alis\u00e9 des illustrations pour deux projets graphiques aux \u00c9ditions Ex-Aequo, tous deux collaboratifs. <\/span><\/span><\/span><span style=\"color: #000000;\"><span style=\"font-family: Gentium Book Basic;\"><span style=\"font-size: large;\"><i>Caya et Kaki \u00e0 l\u2019\u00e9cole <\/i><\/span><\/span><\/span><span style=\"color: #000000;\"><span style=\"font-family: Gentium Book Basic;\"><span style=\"font-size: large;\">(co\u00e9crit avec Modvareil)<\/span><\/span><\/span><span style=\"color: #000000;\"><span style=\"font-family: Gentium Book Basic;\"><span style=\"font-size: large;\"><i> <\/i><\/span><\/span><\/span><span style=\"color: #000000;\"><span style=\"font-family: Gentium Book Basic;\"><span style=\"font-size: large;\">a ouvert la voie. Dessiner deux petits bouledogues farceurs a \u00e9t\u00e9 un r\u00e9el bonheur, car j\u2019adore dessiner des animaux depuis toujours. <\/span><\/span><\/span><span style=\"color: #000000;\"><span style=\"font-family: Gentium Book Basic;\"><span style=\"font-size: large;\"><i>Allo la Terre<\/i><\/span><\/span><\/span><span style=\"color: #000000;\"><span style=\"font-family: Gentium Book Basic;\"><span style=\"font-size: large;\"><b> <\/b><\/span><\/span><\/span><span style=\"color: #000000;\"><span style=\"font-family: Gentium Book Basic;\"><span style=\"font-size: large;\">m\u2019a permis de signer un fascicule de jeux pour prolonger la lecture des enfants et compl\u00e9ter le texte d\u2019Antoinette Hontang. J\u2019ai aussi auto\u00e9dit\u00e9 chez BoD un album jeunesse dont je signe les illustrations\u00a0: <\/span><\/span><\/span><span style=\"color: #000000;\"><span style=\"font-family: Gentium Book Basic;\"><span style=\"font-size: large;\"><i>La biduloth\u00e8que<\/i><\/span><\/span><\/span><span style=\"color: #000000;\"><span style=\"font-family: Gentium Book Basic;\"><span style=\"font-size: large;\">, une collaboration avec St\u00e9phanie Soban, rencontr\u00e9e sur un r\u00e9seau social.\u00a0<\/span><\/span><\/span><\/p>\t\t\t\t\t\t\t\t<\/div>\n\t\t\t\t<\/div>\n\t\t\t\t\t<\/div>\n\t\t<\/div>\n\t\t\t\t<div class=\"elementor-column elementor-col-50 elementor-top-column elementor-element elementor-element-29068b3\" data-id=\"29068b3\" data-element_type=\"column\" data-e-type=\"column\">\n\t\t\t<div class=\"elementor-widget-wrap elementor-element-populated\">\n\t\t\t\t\t\t<div class=\"elementor-element elementor-element-ca4ec21 elementor-widget elementor-widget-image\" data-id=\"ca4ec21\" data-element_type=\"widget\" data-e-type=\"widget\" data-widget_type=\"image.default\">\n\t\t\t\t<div class=\"elementor-widget-container\">\n\t\t\t\t\t\t\t\t\t\t\t\t\t\t\t<img decoding=\"async\" src=\"https:\/\/i0.wp.com\/www.belisamart.fr\/Belisamart-Blog\/wp-content\/uploads\/2021\/10\/Caya-et-Kaki-a-lecole-Illustration-couverture-scaled.jpg?fit=1566%2C2560\" title=\"Caya et Kaki \u00e0 l&#8217;\u00e9cole- Illustration couverture\" alt=\"Caya et Kaki \u00e0 l&#039;\u00e9cole- Illustration couverture\" loading=\"lazy\" \/>\t\t\t\t\t\t\t\t\t\t\t\t\t\t\t<\/div>\n\t\t\t\t<\/div>\n\t\t\t\t\t<\/div>\n\t\t<\/div>\n\t\t\t\t\t<\/div>\n\t\t<\/section>\n\t\t\t\t<section class=\"elementor-section elementor-top-section elementor-element elementor-element-5a8b6bc elementor-section-boxed elementor-section-height-default elementor-section-height-default\" data-id=\"5a8b6bc\" data-element_type=\"section\" data-e-type=\"section\">\n\t\t\t\t\t\t<div class=\"elementor-container elementor-column-gap-default\">\n\t\t\t\t\t<div class=\"elementor-column elementor-col-100 elementor-top-column elementor-element elementor-element-b42f277\" data-id=\"b42f277\" data-element_type=\"column\" data-e-type=\"column\">\n\t\t\t<div class=\"elementor-widget-wrap elementor-element-populated\">\n\t\t\t\t\t\t<div class=\"elementor-element elementor-element-1fc353e elementor-widget elementor-widget-image\" data-id=\"1fc353e\" data-element_type=\"widget\" data-e-type=\"widget\" data-widget_type=\"image.default\">\n\t\t\t\t<div class=\"elementor-widget-container\">\n\t\t\t\t\t\t\t\t\t\t\t\t\t\t\t<img decoding=\"async\" src=\"https:\/\/i0.wp.com\/www.belisamart.fr\/Belisamart-Blog\/wp-content\/uploads\/2021\/10\/Blair-et-Nuts.jpg?fit=2111%2C1502\" title=\"Blair et Nuts\" alt=\"Blair et Nuts\" loading=\"lazy\" \/>\t\t\t\t\t\t\t\t\t\t\t\t\t\t\t<\/div>\n\t\t\t\t<\/div>\n\t\t\t\t\t<\/div>\n\t\t<\/div>\n\t\t\t\t\t<\/div>\n\t\t<\/section>\n\t\t\t\t<section class=\"elementor-section elementor-top-section elementor-element elementor-element-8534ed7 elementor-section-boxed elementor-section-height-default elementor-section-height-default\" data-id=\"8534ed7\" data-element_type=\"section\" data-e-type=\"section\">\n\t\t\t\t\t\t<div class=\"elementor-container elementor-column-gap-default\">\n\t\t\t\t\t<div class=\"elementor-column elementor-col-100 elementor-top-column elementor-element elementor-element-60921c9\" data-id=\"60921c9\" data-element_type=\"column\" data-e-type=\"column\">\n\t\t\t<div class=\"elementor-widget-wrap elementor-element-populated\">\n\t\t\t\t\t\t<div class=\"elementor-element elementor-element-c7622e4 elementor-widget elementor-widget-text-editor\" data-id=\"c7622e4\" data-element_type=\"widget\" data-e-type=\"widget\" data-widget_type=\"text-editor.default\">\n\t\t\t\t<div class=\"elementor-widget-container\">\n\t\t\t\t\t\t\t\t\t<p><span style=\"color: #000000;\"><span style=\"font-family: Gentium Book Basic;\"><span style=\"font-size: large;\">J\u2019ai d\u00fb pour ce projet m\u2019atteler \u00e0 la cr\u00e9ation d\u2019enfants et de tout un univers original, n\u00e9 de l\u2019imagination de St\u00e9phanie. Je suis tr\u00e8s fier de ces trois collaborations, car elles m\u2019ont prouv\u00e9 que mon univers pouvait dialoguer avec autrui. On dit souvent que les cr\u00e9atifs sont seuls devant leur feuille, donc collaborer r\u00e9guli\u00e8rement ouvre mon champ des possibles et m\u2019enrichit. Quand je me projette dans l\u2019avenir, j\u2019ai envie de poursuivre mes chemins de traverse, de rencontrer d\u2019autres personnes formidables et de d\u00e9velopper mon r\u00e9seau et mes univers en toute qui\u00e9tude, en me laissant porter par le courant. Dans cinq ans, j\u2019esp\u00e8re encore \u00eatre surpris par mes cr\u00e9ations et j\u2019aimerais avoir contribu\u00e9 \u00e0 faire d\u00e9couvrir d\u2019autres auteures et auteurs et d\u2019autres illustratrices et illustrateurs, notamment \u00e0 travers ma collection et mes chroniques. J\u2019essaie de ne pas me mettre de pression. J\u2019ai bien dit, j\u2019essaie.<\/span><\/span><\/span><\/p>\t\t\t\t\t\t\t\t<\/div>\n\t\t\t\t<\/div>\n\t\t\t\t\t<\/div>\n\t\t<\/div>\n\t\t\t\t\t<\/div>\n\t\t<\/section>\n\t\t\t\t<section class=\"elementor-section elementor-top-section elementor-element elementor-element-91007c6 elementor-section-boxed elementor-section-height-default elementor-section-height-default\" data-id=\"91007c6\" data-element_type=\"section\" data-e-type=\"section\">\n\t\t\t\t\t\t<div class=\"elementor-container elementor-column-gap-default\">\n\t\t\t\t\t<div class=\"elementor-column elementor-col-100 elementor-top-column elementor-element elementor-element-a5b3c9e\" data-id=\"a5b3c9e\" data-element_type=\"column\" data-e-type=\"column\">\n\t\t\t<div class=\"elementor-widget-wrap elementor-element-populated\">\n\t\t\t\t\t\t<div class=\"elementor-element elementor-element-d99405d elementor-widget elementor-widget-text-editor\" data-id=\"d99405d\" data-element_type=\"widget\" data-e-type=\"widget\" data-widget_type=\"text-editor.default\">\n\t\t\t\t<div class=\"elementor-widget-container\">\n\t\t\t\t\t\t\t\t\t<p class=\"western\" align=\"justify\"><span style=\"color: #000000;\"><span style=\"font-family: Gentium Book Basic;\"><span style=\"font-size: large;\"><strong>Aurais-tu quelques anecdotes li\u00e9es \u00e0 ton m\u00e9tier ? Quels sont tes rapports avec les diff\u00e9rents acteurs de l\u2019art ? \u00c9diteurs, galerie, marchands d\u2019art&#8230;<\/strong><\/span><\/span><\/span><\/p>\t\t\t\t\t\t\t\t<\/div>\n\t\t\t\t<\/div>\n\t\t\t\t\t<\/div>\n\t\t<\/div>\n\t\t\t\t\t<\/div>\n\t\t<\/section>\n\t\t\t\t<section class=\"elementor-section elementor-top-section elementor-element elementor-element-5ebcee4 elementor-section-boxed elementor-section-height-default elementor-section-height-default\" data-id=\"5ebcee4\" data-element_type=\"section\" data-e-type=\"section\">\n\t\t\t\t\t\t<div class=\"elementor-container elementor-column-gap-default\">\n\t\t\t\t\t<div class=\"elementor-column elementor-col-100 elementor-top-column elementor-element elementor-element-c389448\" data-id=\"c389448\" data-element_type=\"column\" data-e-type=\"column\">\n\t\t\t<div class=\"elementor-widget-wrap elementor-element-populated\">\n\t\t\t\t\t\t<div class=\"elementor-element elementor-element-4e60a5a elementor-widget elementor-widget-text-editor\" data-id=\"4e60a5a\" data-element_type=\"widget\" data-e-type=\"widget\" data-widget_type=\"text-editor.default\">\n\t\t\t\t<div class=\"elementor-widget-container\">\n\t\t\t\t\t\t\t\t\t<p class=\"western\" align=\"justify\"><span style=\"color: #000000;\"><span style=\"font-family: Gentium Book Basic;\"><span style=\"font-size: large;\">En mati\u00e8re d\u2019anecdotes, je pense \u00e0 une mauvaise exp\u00e9rience en mati\u00e8re de collaboration. C\u2019\u00e9tait pour un livre jeunesse. J\u2019ai fait confiance et j\u2019y ai laiss\u00e9 quelques plumes par manque de connaissance des pr\u00e9cautions \u00e0 prendre. Il peut arriver que le duo ne fonctionne pas. C\u2019est d\u00e9stabilisant lorsque l\u2019on n\u2019a pas l\u2019habitude, mais les petits couacs permettent de se recentrer et de mieux d\u00e9fendre ce que l\u2019on attend d\u2019une collaboration par la suite. J\u2019appr\u00e9cie les relations donnant-donnant.<br \/>Travailler avec une autre personne est une aventure riche et complexe, mais j\u2019ai pers\u00e9v\u00e9r\u00e9, car je savais que cela m\u2019apporterait quelque chose. L\u2019une de mes derni\u00e8res collaborations s\u2019est fait avec un auteur incroyable (Lancelot Sablon) qui m\u2019a laiss\u00e9 carte blanche pour l\u2019illustration d\u2019un projet de nouvelle pour la revue de l\u2019\u00e9trange <\/span><\/span><\/span><span style=\"color: #000000;\"><span style=\"font-family: Gentium Book Basic;\"><span style=\"font-size: large;\"><i>L\u2019Ampoule<\/i><\/span><\/span><\/span><span style=\"color: #000000;\"><span style=\"font-family: Gentium Book Basic;\"><span style=\"font-size: large;\"> des \u00c9ditions de l\u2019Abat-Jour. On a juste discut\u00e9 du pitch de la nouvelle, et je me suis mis au travail. <br \/>Par la suite, il m\u2019a invit\u00e9 \u00e0 co\u00e9crire la nouvelle avec lui. Un jeu de pingpong s\u2019est install\u00e9 entre nous. Nous rebondissions sur les id\u00e9es de l\u2019autre et nous lancions dans des d\u00e9bats fertiles sur les orientations \u00e0 faire ou \u00e0 ne pas faire. M\u00eame si nous n\u2019avons pas \u00e9t\u00e9 s\u00e9lectionn\u00e9s par la suite, cette collaboration nous a fait un bien fou. Du c\u00f4t\u00e9 des professionnels, j\u2019ai une relation privil\u00e9gi\u00e9e avec mon \u00e9ditrice Laurence Schwalm (\u00c9ditions Ex-Aequo), avec mes deux directrices de collection (Suzanne Max pour les collections jeunesse Saute-Mouton et Passerelle et Claire Poirson pour la Collection Entr\u2019Actes), ainsi que d\u2019ailleurs avec les autres directeurs de collections (je suis ravi d\u2019avoir rejoint l\u2019\u00e9quipe avec la Collection Encre S\u00e8che), avec la communauty manager Catherine Moisand et toutes les auteures\/auteurs d\u2019Ex-Aequo qui ont int\u00e9gr\u00e9 la <\/span><\/span><\/span><span style=\"color: #000000;\"><span style=\"font-family: Gentium Book Basic;\"><span style=\"font-size: large;\"><i>Ex-Aequo Family<\/i><\/span><\/span><\/span><span style=\"color: #000000;\"><span style=\"font-family: Gentium Book Basic;\"><span style=\"font-size: large;\">. <br \/>Je peux vous dire que ces relations m\u2019ont r\u00e9concili\u00e9 avec le monde de l\u2019\u00e9dition apr\u00e8s quelques d\u00e9convenues, notamment avec des charlatans qui vous assomment de mots bien tourn\u00e9s et se moquent de vous. Pour ce qui est des galeries, j\u2019ai \u00e9t\u00e9 pr\u00e9sent dans le catalogue d\u2019une carterie d\u2019art bordelaise durant plus d\u2019un an. Cette exp\u00e9rience a \u00e9t\u00e9 enrichissante, puisqu\u2019elle a d\u00e9velopp\u00e9 mon envie de r\u00e9aliser des cartes artistiques. J\u2019ai approch\u00e9 un autre lieu pour proposer des petits formats. J\u2019ai aussi frapp\u00e9 aux portes de galeries, mais mon style atypique a d\u00e9stabilis\u00e9 ces professionnels. <\/span><\/span><\/span><\/p>\t\t\t\t\t\t\t\t<\/div>\n\t\t\t\t<\/div>\n\t\t\t\t\t<\/div>\n\t\t<\/div>\n\t\t\t\t\t<\/div>\n\t\t<\/section>\n\t\t\t\t<section class=\"elementor-section elementor-top-section elementor-element elementor-element-8d07ec0 elementor-section-boxed elementor-section-height-default elementor-section-height-default\" data-id=\"8d07ec0\" data-element_type=\"section\" data-e-type=\"section\">\n\t\t\t\t\t\t<div class=\"elementor-container elementor-column-gap-default\">\n\t\t\t\t\t<div class=\"elementor-column elementor-col-100 elementor-top-column elementor-element elementor-element-e80d125\" data-id=\"e80d125\" data-element_type=\"column\" data-e-type=\"column\">\n\t\t\t<div class=\"elementor-widget-wrap elementor-element-populated\">\n\t\t\t\t\t\t<div class=\"elementor-element elementor-element-edefe51 elementor-widget elementor-widget-text-editor\" data-id=\"edefe51\" data-element_type=\"widget\" data-e-type=\"widget\" data-widget_type=\"text-editor.default\">\n\t\t\t\t<div class=\"elementor-widget-container\">\n\t\t\t\t\t\t\t\t\t<p class=\"western\" align=\"justify\"><strong><span style=\"color: #000000;\"><span style=\"font-family: Gentium Book Basic;\"><span style=\"font-size: large;\">Quel amateur d\u2019art es-tu\u00a0? As-tu un peintre ou un illustrateur(trice) pr\u00e9f\u00e9r\u00e9(e), un tableau, une BD\u00a0?<\/span><\/span><\/span><\/strong><\/p>\t\t\t\t\t\t\t\t<\/div>\n\t\t\t\t<\/div>\n\t\t\t\t\t<\/div>\n\t\t<\/div>\n\t\t\t\t\t<\/div>\n\t\t<\/section>\n\t\t\t\t<section class=\"elementor-section elementor-top-section elementor-element elementor-element-fdfaf9f elementor-section-boxed elementor-section-height-default elementor-section-height-default\" data-id=\"fdfaf9f\" data-element_type=\"section\" data-e-type=\"section\">\n\t\t\t\t\t\t<div class=\"elementor-container elementor-column-gap-default\">\n\t\t\t\t\t<div class=\"elementor-column elementor-col-100 elementor-top-column elementor-element elementor-element-a686db6\" data-id=\"a686db6\" data-element_type=\"column\" data-e-type=\"column\">\n\t\t\t<div class=\"elementor-widget-wrap elementor-element-populated\">\n\t\t\t\t\t\t<div class=\"elementor-element elementor-element-636b7c1 elementor-widget elementor-widget-text-editor\" data-id=\"636b7c1\" data-element_type=\"widget\" data-e-type=\"widget\" data-widget_type=\"text-editor.default\">\n\t\t\t\t<div class=\"elementor-widget-container\">\n\t\t\t\t\t\t\t\t\t<p class=\"western\" align=\"justify\"><span style=\"color: #000000;\"><span style=\"font-family: Gentium Book Basic;\"><span style=\"font-size: large;\">Je suis un amateur d\u2019arts pluriels\u00a0: je me nourris de peinture, de musique, de dessin, de sculpture, de BD, de mangas, de photographie, d\u2019expositions sur les pharaons, les Aborig\u00e8nes ou la grotte de Lascaux, de danse, de com\u00e9dies musicales. J\u2019aime des styles picturaux tr\u00e8s divers comme le mouvement dada, l\u2019impressionnisme, le symbolisme. J\u2019adore par exemple Gustave Moreau, Louise Bourgeois, Niki de Saint Phalle, Jean-Michel Basquiat, S\u00e9raphine, Eug\u00e8ne Delacroix, <\/span><\/span><\/span><span style=\"color: #000000;\"><span style=\"font-family: Times New Roman, serif;\"><span style=\"font-size: large;\">Kandinsky, l\u2019art aborig\u00e8ne et africain<\/span><\/span><\/span><span style=\"color: #000000;\"><span style=\"font-family: Gentium Book Basic;\"><span style=\"font-size: large;\"><i>. <\/i><\/span><\/span><\/span><span style=\"color: #000000;\"><span style=\"font-family: Gentium Book Basic;\"><span style=\"font-size: large;\">Par exemple, <\/span><\/span><\/span><span style=\"color: #000000;\"><span style=\"font-family: Gentium Book Basic;\"><span style=\"font-size: large;\"><i>la Mort de Sardanapale<\/i><\/span><\/span><\/span><span style=\"color: #000000;\"><span style=\"font-family: Gentium Book Basic;\"><span style=\"font-size: large;\"> (Delacroix) ou <\/span><\/span><\/span><span style=\"color: #000000;\"><span style=\"font-family: Gentium Book Basic;\"><span style=\"font-size: large;\"><i>Jupiter et S\u00e9m\u00e9l\u00e9<\/i><\/span><\/span><\/span><span style=\"color: #000000;\"><span style=\"font-family: Gentium Book Basic;\"><span style=\"font-size: large;\"> (Moreau) me bouleversent \u00e9norm\u00e9ment. En mati\u00e8re d\u2019illustrations et de BD, j\u2019appr\u00e9cie le travail de Marie Dubois, Zainab Fasiki, P\u00e9n\u00e9lope Bagieu, Quentin Blake ou Tomi Ungerer. Je suis aussi fan des comics avec les X-Men, car j\u2019aimais ces histoires de mutants luttant pour leur survie. Je suis tomb\u00e9 sous le charme de <\/span><\/span><\/span><span style=\"color: #000000;\"><span style=\"font-family: Gentium Book Basic;\"><span style=\"font-size: large;\"><i>La Caste des M\u00e9tabarons,<\/i><\/span><\/span><\/span><span style=\"color: #000000;\"><span style=\"font-family: Gentium Book Basic;\"><span style=\"font-size: large;\"> du trait de Juan Gimenes et la plume d\u2019Alejandro Jodorowsky. <\/span><\/span><\/span><\/p>\t\t\t\t\t\t\t\t<\/div>\n\t\t\t\t<\/div>\n\t\t\t\t\t<\/div>\n\t\t<\/div>\n\t\t\t\t\t<\/div>\n\t\t<\/section>\n\t\t\t\t<section class=\"elementor-section elementor-top-section elementor-element elementor-element-7601784 elementor-section-boxed elementor-section-height-default elementor-section-height-default\" data-id=\"7601784\" data-element_type=\"section\" data-e-type=\"section\">\n\t\t\t\t\t\t<div class=\"elementor-container elementor-column-gap-default\">\n\t\t\t\t\t<div class=\"elementor-column elementor-col-100 elementor-top-column elementor-element elementor-element-3ae9d25\" data-id=\"3ae9d25\" data-element_type=\"column\" data-e-type=\"column\">\n\t\t\t<div class=\"elementor-widget-wrap elementor-element-populated\">\n\t\t\t\t\t\t<div class=\"elementor-element elementor-element-3f9edce elementor-widget elementor-widget-text-editor\" data-id=\"3f9edce\" data-element_type=\"widget\" data-e-type=\"widget\" data-widget_type=\"text-editor.default\">\n\t\t\t\t<div class=\"elementor-widget-container\">\n\t\t\t\t\t\t\t\t\t<p class=\"western\" align=\"justify\"><strong><span style=\"color: #000000;\"><span style=\"font-family: Gentium Book Basic;\"><span style=\"font-size: large;\">Qu\u2019est-ce que tu aimes ou d\u00e9testes dans ton m\u00e9tier\u2026 ?<\/span><\/span><\/span><\/strong><\/p>\t\t\t\t\t\t\t\t<\/div>\n\t\t\t\t<\/div>\n\t\t\t\t\t<\/div>\n\t\t<\/div>\n\t\t\t\t\t<\/div>\n\t\t<\/section>\n\t\t\t\t<section class=\"elementor-section elementor-top-section elementor-element elementor-element-6c2418d elementor-section-boxed elementor-section-height-default elementor-section-height-default\" data-id=\"6c2418d\" data-element_type=\"section\" data-e-type=\"section\">\n\t\t\t\t\t\t<div class=\"elementor-container elementor-column-gap-default\">\n\t\t\t\t\t<div class=\"elementor-column elementor-col-100 elementor-top-column elementor-element elementor-element-4b4b563\" data-id=\"4b4b563\" data-element_type=\"column\" data-e-type=\"column\">\n\t\t\t<div class=\"elementor-widget-wrap elementor-element-populated\">\n\t\t\t\t\t\t<div class=\"elementor-element elementor-element-ae35891 elementor-widget elementor-widget-text-editor\" data-id=\"ae35891\" data-element_type=\"widget\" data-e-type=\"widget\" data-widget_type=\"text-editor.default\">\n\t\t\t\t<div class=\"elementor-widget-container\">\n\t\t\t\t\t\t\t\t\t<p class=\"western\" align=\"justify\"><span style=\"font-family: Gentium Book Basic;\"><span style=\"font-size: large;\">J\u2019aime dessiner, tenir un crayon, toucher du papier et pratiquer presque tous les jours afin de renforcer mes acquis et de d\u00e9velopper de nouvelles pistes. Ce que je d\u00e9teste, c\u2019est que certaines personnes pensent que ce n\u2019est pas un m\u00e9tier ou qu\u2019il faut gagner des sommes folles pour que ce soit consid\u00e9r\u00e9 comme un m\u00e9tier. Bien s\u00fbr, c\u2019est une passion aussi, mais pas que. Il faut \u00eatre exigeant avec soi-m\u00eame pour arriver \u00e0 ses fins, sans se renier et sans se rendre malade non plus. Il ne faut pas \u00eatre trop perfectionniste et apprendre \u00e0 l\u00e2cher prise pour laisser ses \u00ab b\u00e9b\u00e9s \u00bb partir vers d\u2019autres yeux et d\u2019autres foyers.<br \/>Ce que je d\u00e9teste aussi, ce sont les gens qui essaient de vous mettre dans une case pour se rassurer, et comme mon univers est tr\u00e8s vari\u00e9, ils n\u2019y parviennent pas et se demandent si je ne me disperse pas dans tous les sens. Non, je ne me cherche pas, non, je ne suis pas perdu. Je suis juste polymorphe, j\u2019aime adopter diff\u00e9rents styles pour surprendre, interpeler et sans doute d\u00e9ranger, pas par provocation, mais pour amener \u00e0 une r\u00e9flexion.<\/span><\/span><\/p>\t\t\t\t\t\t\t\t<\/div>\n\t\t\t\t<\/div>\n\t\t\t\t\t<\/div>\n\t\t<\/div>\n\t\t\t\t\t<\/div>\n\t\t<\/section>\n\t\t\t\t<section class=\"elementor-section elementor-top-section elementor-element elementor-element-9592dee elementor-section-boxed elementor-section-height-default elementor-section-height-default\" data-id=\"9592dee\" data-element_type=\"section\" data-e-type=\"section\">\n\t\t\t\t\t\t<div class=\"elementor-container elementor-column-gap-default\">\n\t\t\t\t\t<div class=\"elementor-column elementor-col-100 elementor-top-column elementor-element elementor-element-e39f77b\" data-id=\"e39f77b\" data-element_type=\"column\" data-e-type=\"column\">\n\t\t\t<div class=\"elementor-widget-wrap elementor-element-populated\">\n\t\t\t\t\t\t<div class=\"elementor-element elementor-element-bbc3e99 elementor-widget elementor-widget-text-editor\" data-id=\"bbc3e99\" data-element_type=\"widget\" data-e-type=\"widget\" data-widget_type=\"text-editor.default\">\n\t\t\t\t<div class=\"elementor-widget-container\">\n\t\t\t\t\t\t\t\t\t<p class=\"western\" align=\"justify\"><strong><span style=\"color: #000000;\"><span style=\"font-family: Gentium Book Basic;\"><span style=\"font-size: large;\">Quelle est ton actualit\u00e9 du moment\u00a0?<\/span><\/span><\/span><\/strong><\/p>\t\t\t\t\t\t\t\t<\/div>\n\t\t\t\t<\/div>\n\t\t\t\t\t<\/div>\n\t\t<\/div>\n\t\t\t\t\t<\/div>\n\t\t<\/section>\n\t\t\t\t<section class=\"elementor-section elementor-top-section elementor-element elementor-element-9c08838 elementor-section-boxed elementor-section-height-default elementor-section-height-default\" data-id=\"9c08838\" data-element_type=\"section\" data-e-type=\"section\">\n\t\t\t\t\t\t<div class=\"elementor-container elementor-column-gap-default\">\n\t\t\t\t\t<div class=\"elementor-column elementor-col-100 elementor-top-column elementor-element elementor-element-ed34979\" data-id=\"ed34979\" data-element_type=\"column\" data-e-type=\"column\">\n\t\t\t<div class=\"elementor-widget-wrap elementor-element-populated\">\n\t\t\t\t\t\t<div class=\"elementor-element elementor-element-a6310fa elementor-widget elementor-widget-text-editor\" data-id=\"a6310fa\" data-element_type=\"widget\" data-e-type=\"widget\" data-widget_type=\"text-editor.default\">\n\t\t\t\t<div class=\"elementor-widget-container\">\n\t\t\t\t\t\t\t\t\t<p class=\"western\" align=\"justify\"><span style=\"color: #000000;\"><span style=\"font-family: Gentium Book Basic;\"><span style=\"font-size: large;\">Je travaille sur un roman jeunesse et une pi\u00e8ce de th\u00e9\u00e2tre qui devraient \u00eatre publi\u00e9s sous peu aux \u00c9ditions Ex-Aequo, ma maison d\u2019\u00e9dition-bastion, refuge devrais-je dire. J\u2019ai aussi entam\u00e9 une nouvelle collaboration avec un auteur pour un album jeunesse qui met en sc\u00e8ne des animaux (Vous allez me dire encore\u00a0! Mais je n\u2019ai pas fait expr\u00e8s, j\u2019ai connu l\u2019auteur gr\u00e2ce \u00e0 Claire Poirson). Le projet n\u2019en est qu\u2019au d\u00e9but, mais l\u2019auteur me laisse toute latitude pour d\u00e9velopper le c\u00f4t\u00e9 graphique de son univers. C\u2019est tr\u00e8s appr\u00e9ciable, car quand les collaborations d\u00e9butent comme \u00e7a, je sens que l\u2019univers du livre sera la jonction entre nos deux sensibilit\u00e9s. Je l\u2019en remercie donc vivement\u00a0! J\u2019exposerai d\u00e9but septembre dans une boutique de Bordeaux, le Psych\u00e9 d\u2019Holly, situ\u00e9e rue Saint-James, lors de l\u2019\u00e9v\u00e9nement Qu\u2019ARTiers afin de pr\u00e9senter des tableaux, des dessins et des volumes.<\/span><\/span><\/span><\/p>\t\t\t\t\t\t\t\t<\/div>\n\t\t\t\t<\/div>\n\t\t\t\t\t<\/div>\n\t\t<\/div>\n\t\t\t\t\t<\/div>\n\t\t<\/section>\n\t\t\t\t<section class=\"elementor-section elementor-top-section elementor-element elementor-element-c66c351 elementor-section-boxed elementor-section-height-default elementor-section-height-default\" data-id=\"c66c351\" data-element_type=\"section\" data-e-type=\"section\">\n\t\t\t\t\t\t<div class=\"elementor-container elementor-column-gap-default\">\n\t\t\t\t\t<div class=\"elementor-column elementor-col-33 elementor-top-column elementor-element elementor-element-d0c30d6\" data-id=\"d0c30d6\" data-element_type=\"column\" data-e-type=\"column\">\n\t\t\t<div class=\"elementor-widget-wrap elementor-element-populated\">\n\t\t\t\t\t\t<div class=\"elementor-element elementor-element-3578282 elementor-widget elementor-widget-image\" data-id=\"3578282\" data-element_type=\"widget\" data-e-type=\"widget\" data-widget_type=\"image.default\">\n\t\t\t\t<div class=\"elementor-widget-container\">\n\t\t\t\t\t\t\t\t\t\t\t\t\t\t\t<img decoding=\"async\" src=\"https:\/\/i0.wp.com\/www.belisamart.fr\/Belisamart-Blog\/wp-content\/uploads\/2021\/10\/Macabramama-scaled.jpg?fit=1810%2C2560\" title=\"Macabramama\" alt=\"Macabramama\" loading=\"lazy\" \/>\t\t\t\t\t\t\t\t\t\t\t\t\t\t\t<\/div>\n\t\t\t\t<\/div>\n\t\t\t\t\t<\/div>\n\t\t<\/div>\n\t\t\t\t<div class=\"elementor-column elementor-col-33 elementor-top-column elementor-element elementor-element-e4125be\" data-id=\"e4125be\" data-element_type=\"column\" data-e-type=\"column\">\n\t\t\t<div class=\"elementor-widget-wrap elementor-element-populated\">\n\t\t\t\t\t\t<div class=\"elementor-element elementor-element-d070e69 elementor-widget elementor-widget-image\" data-id=\"d070e69\" data-element_type=\"widget\" data-e-type=\"widget\" data-widget_type=\"image.default\">\n\t\t\t\t<div class=\"elementor-widget-container\">\n\t\t\t\t\t\t\t\t\t\t\t\t\t\t\t<img decoding=\"async\" data-attachment-id=\"585\" data-permalink=\"http:\/\/www.belisamart.fr\/Belisamart-Blog\/florent-lucea\/surprise-charlot\/\" data-orig-file=\"https:\/\/i0.wp.com\/www.belisamart.fr\/Belisamart-Blog\/wp-content\/uploads\/2021\/10\/Surprise-Charlot-.jpg?fit=1766%2C2444\" data-orig-size=\"1766,2444\" data-comments-opened=\"1\" data-image-meta=\"{&quot;aperture&quot;:&quot;0&quot;,&quot;credit&quot;:&quot;&quot;,&quot;camera&quot;:&quot;&quot;,&quot;caption&quot;:&quot;&quot;,&quot;created_timestamp&quot;:&quot;0&quot;,&quot;copyright&quot;:&quot;&quot;,&quot;focal_length&quot;:&quot;0&quot;,&quot;iso&quot;:&quot;0&quot;,&quot;shutter_speed&quot;:&quot;0&quot;,&quot;title&quot;:&quot;&quot;,&quot;orientation&quot;:&quot;1&quot;}\" data-image-title=\"Surprise Charlot !\" data-image-description=\"\" data-image-caption=\"\" data-large-file=\"https:\/\/i0.wp.com\/www.belisamart.fr\/Belisamart-Blog\/wp-content\/uploads\/2021\/10\/Surprise-Charlot-.jpg?fit=750%2C750\" width=\"1766\" height=\"2444\" src=\"https:\/\/i0.wp.com\/www.belisamart.fr\/Belisamart-Blog\/wp-content\/uploads\/2021\/10\/Surprise-Charlot-.jpg?fit=1766%2C2444\" class=\"attachment-full size-full wp-image-585\" alt=\"\" srcset=\"https:\/\/i0.wp.com\/www.belisamart.fr\/Belisamart-Blog\/wp-content\/uploads\/2021\/10\/Surprise-Charlot-.jpg?w=1766 1766w, https:\/\/i0.wp.com\/www.belisamart.fr\/Belisamart-Blog\/wp-content\/uploads\/2021\/10\/Surprise-Charlot-.jpg?resize=1110%2C1536 1110w, https:\/\/i0.wp.com\/www.belisamart.fr\/Belisamart-Blog\/wp-content\/uploads\/2021\/10\/Surprise-Charlot-.jpg?resize=1480%2C2048 1480w\" sizes=\"(max-width: 750px) 100vw, 750px\" data-attachment-id=\"585\" data-permalink=\"http:\/\/www.belisamart.fr\/Belisamart-Blog\/florent-lucea\/surprise-charlot\/\" data-orig-file=\"https:\/\/i0.wp.com\/www.belisamart.fr\/Belisamart-Blog\/wp-content\/uploads\/2021\/10\/Surprise-Charlot-.jpg?fit=1766%2C2444\" data-orig-size=\"1766,2444\" data-comments-opened=\"1\" data-image-meta=\"{&quot;aperture&quot;:&quot;0&quot;,&quot;credit&quot;:&quot;&quot;,&quot;camera&quot;:&quot;&quot;,&quot;caption&quot;:&quot;&quot;,&quot;created_timestamp&quot;:&quot;0&quot;,&quot;copyright&quot;:&quot;&quot;,&quot;focal_length&quot;:&quot;0&quot;,&quot;iso&quot;:&quot;0&quot;,&quot;shutter_speed&quot;:&quot;0&quot;,&quot;title&quot;:&quot;&quot;,&quot;orientation&quot;:&quot;1&quot;}\" data-image-title=\"Surprise Charlot !\" data-image-description=\"\" data-image-caption=\"\" data-large-file=\"https:\/\/i0.wp.com\/www.belisamart.fr\/Belisamart-Blog\/wp-content\/uploads\/2021\/10\/Surprise-Charlot-.jpg?fit=750%2C750\" \/>\t\t\t\t\t\t\t\t\t\t\t\t\t\t\t<\/div>\n\t\t\t\t<\/div>\n\t\t\t\t\t<\/div>\n\t\t<\/div>\n\t\t\t\t<div class=\"elementor-column elementor-col-33 elementor-top-column elementor-element elementor-element-c71b5de\" data-id=\"c71b5de\" data-element_type=\"column\" data-e-type=\"column\">\n\t\t\t<div class=\"elementor-widget-wrap elementor-element-populated\">\n\t\t\t\t\t\t<div class=\"elementor-element elementor-element-18b1ac3 elementor-widget elementor-widget-image\" data-id=\"18b1ac3\" data-element_type=\"widget\" data-e-type=\"widget\" data-widget_type=\"image.default\">\n\t\t\t\t<div class=\"elementor-widget-container\">\n\t\t\t\t\t\t\t\t\t\t\t\t\t\t\t<img decoding=\"async\" data-attachment-id=\"579\" data-permalink=\"http:\/\/www.belisamart.fr\/Belisamart-Blog\/florent-lucea\/allo-la-terre-coloriage-pleine-lune-et-les-trois-ours\/\" data-orig-file=\"https:\/\/i0.wp.com\/www.belisamart.fr\/Belisamart-Blog\/wp-content\/uploads\/2021\/10\/Allo-la-Terre-coloriage-pleine-lune-et-les-trois-ours.jpg?fit=1756%2C2499\" data-orig-size=\"1756,2499\" data-comments-opened=\"1\" data-image-meta=\"{&quot;aperture&quot;:&quot;0&quot;,&quot;credit&quot;:&quot;&quot;,&quot;camera&quot;:&quot;&quot;,&quot;caption&quot;:&quot;&quot;,&quot;created_timestamp&quot;:&quot;0&quot;,&quot;copyright&quot;:&quot;&quot;,&quot;focal_length&quot;:&quot;0&quot;,&quot;iso&quot;:&quot;0&quot;,&quot;shutter_speed&quot;:&quot;0&quot;,&quot;title&quot;:&quot;&quot;,&quot;orientation&quot;:&quot;1&quot;}\" data-image-title=\"Allo la Terre-coloriage pleine lune et les trois ours\" data-image-description=\"\" data-image-caption=\"\" data-large-file=\"https:\/\/i0.wp.com\/www.belisamart.fr\/Belisamart-Blog\/wp-content\/uploads\/2021\/10\/Allo-la-Terre-coloriage-pleine-lune-et-les-trois-ours.jpg?fit=750%2C750\" width=\"1756\" height=\"2499\" src=\"https:\/\/i0.wp.com\/www.belisamart.fr\/Belisamart-Blog\/wp-content\/uploads\/2021\/10\/Allo-la-Terre-coloriage-pleine-lune-et-les-trois-ours.jpg?fit=1756%2C2499\" class=\"attachment-full size-full wp-image-579\" alt=\"\" srcset=\"https:\/\/i0.wp.com\/www.belisamart.fr\/Belisamart-Blog\/wp-content\/uploads\/2021\/10\/Allo-la-Terre-coloriage-pleine-lune-et-les-trois-ours.jpg?w=1756 1756w, https:\/\/i0.wp.com\/www.belisamart.fr\/Belisamart-Blog\/wp-content\/uploads\/2021\/10\/Allo-la-Terre-coloriage-pleine-lune-et-les-trois-ours.jpg?resize=1079%2C1536 1079w, https:\/\/i0.wp.com\/www.belisamart.fr\/Belisamart-Blog\/wp-content\/uploads\/2021\/10\/Allo-la-Terre-coloriage-pleine-lune-et-les-trois-ours.jpg?resize=1439%2C2048 1439w, https:\/\/i0.wp.com\/www.belisamart.fr\/Belisamart-Blog\/wp-content\/uploads\/2021\/10\/Allo-la-Terre-coloriage-pleine-lune-et-les-trois-ours.jpg?w=1500 1500w\" sizes=\"(max-width: 750px) 100vw, 750px\" data-attachment-id=\"579\" data-permalink=\"http:\/\/www.belisamart.fr\/Belisamart-Blog\/florent-lucea\/allo-la-terre-coloriage-pleine-lune-et-les-trois-ours\/\" data-orig-file=\"https:\/\/i0.wp.com\/www.belisamart.fr\/Belisamart-Blog\/wp-content\/uploads\/2021\/10\/Allo-la-Terre-coloriage-pleine-lune-et-les-trois-ours.jpg?fit=1756%2C2499\" data-orig-size=\"1756,2499\" data-comments-opened=\"1\" data-image-meta=\"{&quot;aperture&quot;:&quot;0&quot;,&quot;credit&quot;:&quot;&quot;,&quot;camera&quot;:&quot;&quot;,&quot;caption&quot;:&quot;&quot;,&quot;created_timestamp&quot;:&quot;0&quot;,&quot;copyright&quot;:&quot;&quot;,&quot;focal_length&quot;:&quot;0&quot;,&quot;iso&quot;:&quot;0&quot;,&quot;shutter_speed&quot;:&quot;0&quot;,&quot;title&quot;:&quot;&quot;,&quot;orientation&quot;:&quot;1&quot;}\" data-image-title=\"Allo la Terre-coloriage pleine lune et les trois ours\" data-image-description=\"\" data-image-caption=\"\" data-large-file=\"https:\/\/i0.wp.com\/www.belisamart.fr\/Belisamart-Blog\/wp-content\/uploads\/2021\/10\/Allo-la-Terre-coloriage-pleine-lune-et-les-trois-ours.jpg?fit=750%2C750\" \/>\t\t\t\t\t\t\t\t\t\t\t\t\t\t\t<\/div>\n\t\t\t\t<\/div>\n\t\t\t\t\t<\/div>\n\t\t<\/div>\n\t\t\t\t\t<\/div>\n\t\t<\/section>\n\t\t\t\t<section class=\"elementor-section elementor-top-section elementor-element elementor-element-2108109 elementor-section-boxed elementor-section-height-default elementor-section-height-default\" data-id=\"2108109\" data-element_type=\"section\" data-e-type=\"section\">\n\t\t\t\t\t\t<div class=\"elementor-container elementor-column-gap-default\">\n\t\t\t\t\t<div class=\"elementor-column elementor-col-100 elementor-top-column elementor-element elementor-element-93b512e\" data-id=\"93b512e\" data-element_type=\"column\" data-e-type=\"column\">\n\t\t\t<div class=\"elementor-widget-wrap elementor-element-populated\">\n\t\t\t\t\t\t<div class=\"elementor-element elementor-element-396e591 elementor-widget-divider--view-line_text elementor-widget-divider--element-align-center elementor-widget elementor-widget-divider\" data-id=\"396e591\" data-element_type=\"widget\" data-e-type=\"widget\" data-widget_type=\"divider.default\">\n\t\t\t\t<div class=\"elementor-widget-container\">\n\t\t\t\t\t\t\t<div class=\"elementor-divider\">\n\t\t\t<span class=\"elementor-divider-separator\">\n\t\t\t\t\t\t\t<div class=\"elementor-divider__text elementor-divider__element\">\n\t\t\t\tPortrait chinois\t\t\t\t<\/div>\n\t\t\t\t\t\t<\/span>\n\t\t<\/div>\n\t\t\t\t\t\t<\/div>\n\t\t\t\t<\/div>\n\t\t\t\t\t<\/div>\n\t\t<\/div>\n\t\t\t\t\t<\/div>\n\t\t<\/section>\n\t\t\t\t<section class=\"elementor-section elementor-top-section elementor-element elementor-element-b32d79f elementor-section-boxed elementor-section-height-default elementor-section-height-default\" data-id=\"b32d79f\" data-element_type=\"section\" data-e-type=\"section\">\n\t\t\t\t\t\t<div class=\"elementor-container elementor-column-gap-default\">\n\t\t\t\t\t<div class=\"elementor-column elementor-col-100 elementor-top-column elementor-element elementor-element-3808250\" data-id=\"3808250\" data-element_type=\"column\" data-e-type=\"column\">\n\t\t\t<div class=\"elementor-widget-wrap elementor-element-populated\">\n\t\t\t\t\t\t<div class=\"elementor-element elementor-element-046a011 elementor-widget elementor-widget-text-editor\" data-id=\"046a011\" data-element_type=\"widget\" data-e-type=\"widget\" data-widget_type=\"text-editor.default\">\n\t\t\t\t<div class=\"elementor-widget-container\">\n\t\t\t\t\t\t\t\t\t<p class=\"western\" align=\"justify\"><strong><span style=\"color: #000000;\"><span style=\"font-family: Gentium Book Basic;\"><span style=\"font-size: large;\">\u00c7a te dit de faire un petit jeu avec nous\u00a0? Un petit portrait chinois\u00a0?<\/span><\/span><\/span><\/strong><\/p>\t\t\t\t\t\t\t\t<\/div>\n\t\t\t\t<\/div>\n\t\t\t\t\t<\/div>\n\t\t<\/div>\n\t\t\t\t\t<\/div>\n\t\t<\/section>\n\t\t\t\t<section class=\"elementor-section elementor-top-section elementor-element elementor-element-d5dadbd elementor-section-boxed elementor-section-height-default elementor-section-height-default\" data-id=\"d5dadbd\" data-element_type=\"section\" data-e-type=\"section\">\n\t\t\t\t\t\t<div class=\"elementor-container elementor-column-gap-default\">\n\t\t\t\t\t<div class=\"elementor-column elementor-col-100 elementor-top-column elementor-element elementor-element-a6bb98e\" data-id=\"a6bb98e\" data-element_type=\"column\" data-e-type=\"column\">\n\t\t\t<div class=\"elementor-widget-wrap elementor-element-populated\">\n\t\t\t\t\t\t<div class=\"elementor-element elementor-element-be3beb9 elementor-widget elementor-widget-text-editor\" data-id=\"be3beb9\" data-element_type=\"widget\" data-e-type=\"widget\" data-widget_type=\"text-editor.default\">\n\t\t\t\t<div class=\"elementor-widget-container\">\n\t\t\t\t\t\t\t\t\t<p class=\"western\" align=\"justify\"><span style=\"color: #000000;\"><span style=\"font-family: Gentium Book Basic;\"><span style=\"font-size: large;\">A\u00a0: Si tu \u00e9tais une cr\u00e9ature laquelle serais-tu\u00a0? <em>Un dragon \u00e0 plusieurs t\u00eates crachant du feu, de la glace, de la brume, etc.<\/em><\/span><\/span><\/span><\/p><p class=\"western\" align=\"justify\"><span style=\"color: #000000;\"><span style=\"font-family: Gentium Book Basic;\"><span style=\"font-size: large;\">B\u00a0: Si tu \u00e9tais un animal\u00a0? <em>Une panth\u00e8re noire.<\/em><\/span><\/span><\/span><\/p><p class=\"western\" align=\"justify\"><span style=\"color: #000000;\"><span style=\"font-family: Gentium Book Basic;\"><span style=\"font-size: large;\">C\u00a0: Un plat\u00a0? <em>Des acras.<\/em><\/span><\/span><\/span><\/p><p class=\"western\" align=\"justify\"><span style=\"color: #000000;\"><span style=\"font-family: Gentium Book Basic;\"><span style=\"font-size: large;\">D\u00a0: Un groupe, chanteur(se), musicien(ne)\u2026 pr\u00e9f\u00e9r\u00e9(e)\u00a0? <em>Queen.<\/em><\/span><\/span><\/span><\/p><p class=\"western\" align=\"justify\"><span style=\"color: #000000;\"><span style=\"font-family: Gentium Book Basic;\"><span style=\"font-size: large;\">E\u00a0: Une couleur\u00a0? <em>Le rouge.<\/em><\/span><\/span><\/span><\/p><p class=\"western\" align=\"justify\"><span style=\"color: #000000;\"><span style=\"font-family: Gentium Book Basic;\"><span style=\"font-size: large;\">F\u00a0: Si tu \u00e9tais un roman\u00a0? <\/span><\/span><\/span><em><span style=\"color: #000000;\"><span style=\"font-family: Gentium Book Basic;\"><span style=\"font-size: large;\">Le meilleur des mondes<\/span><\/span><\/span><\/em><span style=\"color: #000000;\"><span style=\"font-family: Gentium Book Basic;\"><span style=\"font-size: large;\"> d\u2019Aldous Huxley<\/span><\/span><\/span><em><span style=\"color: #000000;\"><span style=\"font-family: Gentium Book Basic;\"><span style=\"font-size: large;\">.<\/span><\/span><\/span><\/em><\/p><p class=\"western\" align=\"justify\"><span style=\"color: #000000;\"><span style=\"font-family: Gentium Book Basic;\"><span style=\"font-size: large;\">G\u00a0: Si tu \u00e9tais un tableau\u00a0? <\/span><\/span><\/span><span style=\"color: #000000;\"><span style=\"font-family: Gentium Book Basic;\"><span style=\"font-size: large;\"><i>Salom\u00e9 tatou\u00e9e<\/i><\/span><\/span><\/span><span style=\"color: #000000;\"><span style=\"font-family: Gentium Book Basic;\"><span style=\"font-size: large;\"> de Gustave Moreau.<\/span><\/span><\/span><\/p><p class=\"western\" align=\"justify\"><span style=\"color: #000000;\"><span style=\"font-family: Gentium Book Basic;\"><span style=\"font-size: large;\">I\u00a0: Si tu \u00e9tais une BD\u00a0? <\/span><\/span><\/span><span style=\"color: #000000;\"><span style=\"font-family: Gentium Book Basic;\"><span style=\"font-size: large;\"><i>Ces jours qui disparaissent<\/i><\/span><\/span><\/span><span style=\"color: #000000;\"><span style=\"font-family: Gentium Book Basic;\"><span style=\"font-size: large;\"> de Timoth\u00e9e Le Boucher.<\/span><\/span><\/span><\/p>\t\t\t\t\t\t\t\t<\/div>\n\t\t\t\t<\/div>\n\t\t\t\t\t<\/div>\n\t\t<\/div>\n\t\t\t\t\t<\/div>\n\t\t<\/section>\n\t\t\t\t<section class=\"elementor-section elementor-top-section elementor-element elementor-element-b6e9bf5 elementor-section-boxed elementor-section-height-default elementor-section-height-default\" data-id=\"b6e9bf5\" data-element_type=\"section\" data-e-type=\"section\">\n\t\t\t\t\t\t<div class=\"elementor-container elementor-column-gap-default\">\n\t\t\t\t\t<div class=\"elementor-column elementor-col-100 elementor-top-column elementor-element elementor-element-5e74d6a\" data-id=\"5e74d6a\" data-element_type=\"column\" data-e-type=\"column\">\n\t\t\t<div class=\"elementor-widget-wrap elementor-element-populated\">\n\t\t\t\t\t\t<div class=\"elementor-element elementor-element-739eeb3 elementor-widget-divider--view-line elementor-widget elementor-widget-divider\" data-id=\"739eeb3\" data-element_type=\"widget\" data-e-type=\"widget\" data-widget_type=\"divider.default\">\n\t\t\t\t<div class=\"elementor-widget-container\">\n\t\t\t\t\t\t\t<div class=\"elementor-divider\">\n\t\t\t<span class=\"elementor-divider-separator\">\n\t\t\t\t\t\t<\/span>\n\t\t<\/div>\n\t\t\t\t\t\t<\/div>\n\t\t\t\t<\/div>\n\t\t\t\t\t<\/div>\n\t\t<\/div>\n\t\t\t\t\t<\/div>\n\t\t<\/section>\n\t\t\t\t<section class=\"elementor-section elementor-top-section elementor-element elementor-element-2853da0 elementor-section-boxed elementor-section-height-default elementor-section-height-default\" data-id=\"2853da0\" data-element_type=\"section\" data-e-type=\"section\">\n\t\t\t\t\t\t<div class=\"elementor-container elementor-column-gap-default\">\n\t\t\t\t\t<div class=\"elementor-column elementor-col-100 elementor-top-column elementor-element elementor-element-5dff940\" data-id=\"5dff940\" data-element_type=\"column\" data-e-type=\"column\">\n\t\t\t<div class=\"elementor-widget-wrap elementor-element-populated\">\n\t\t\t\t\t\t<div class=\"elementor-element elementor-element-4e0d4e7 elementor-widget elementor-widget-text-editor\" data-id=\"4e0d4e7\" data-element_type=\"widget\" data-e-type=\"widget\" data-widget_type=\"text-editor.default\">\n\t\t\t\t<div class=\"elementor-widget-container\">\n\t\t\t\t\t\t\t\t\t<p class=\"western\" align=\"justify\"><strong><span style=\"color: #000000;\"><span style=\"font-family: Gentium Book Basic;\"><span style=\"font-size: large;\">Si tu n\u2019avais pas \u00e9t\u00e9 illustrateur qu\u2019aurais-tu aim\u00e9 faire ? <\/span><\/span><\/span><\/strong><\/p>\t\t\t\t\t\t\t\t<\/div>\n\t\t\t\t<\/div>\n\t\t\t\t\t<\/div>\n\t\t<\/div>\n\t\t\t\t\t<\/div>\n\t\t<\/section>\n\t\t\t\t<section class=\"elementor-section elementor-top-section elementor-element elementor-element-3392ac4 elementor-section-boxed elementor-section-height-default elementor-section-height-default\" data-id=\"3392ac4\" data-element_type=\"section\" data-e-type=\"section\">\n\t\t\t\t\t\t<div class=\"elementor-container elementor-column-gap-default\">\n\t\t\t\t\t<div class=\"elementor-column elementor-col-100 elementor-top-column elementor-element elementor-element-e2d2b13\" data-id=\"e2d2b13\" data-element_type=\"column\" data-e-type=\"column\">\n\t\t\t<div class=\"elementor-widget-wrap elementor-element-populated\">\n\t\t\t\t\t\t<div class=\"elementor-element elementor-element-e6c3486 elementor-widget elementor-widget-text-editor\" data-id=\"e6c3486\" data-element_type=\"widget\" data-e-type=\"widget\" data-widget_type=\"text-editor.default\">\n\t\t\t\t<div class=\"elementor-widget-container\">\n\t\t\t\t\t\t\t\t\t<p class=\"western\" align=\"justify\"><span style=\"color: #000000;\"><span style=\"font-family: Gentium Book Basic;\"><span style=\"font-size: large;\">V\u00e9t\u00e9rinaire \u00e9tait mon r\u00eave d\u2019enfant, car j\u2019aime les animaux et je regardais les documentaires animaliers, jeune. J\u2019adore d\u2019ailleurs toujours d\u00e9couvrir des esp\u00e8ces insolites comme le tardigrade ou le blob (qui n\u2019appartient \u00e0 aucun ordre d\u2019ailleurs, mais je vais \u00e9viter de trop digresser). Je r\u00eave encore de travailler dans le domaine de l\u2019animation, du cin\u00e9ma ou du jeu vid\u00e9o afin de donner une autre dimension \u00e0 mes illustrations. <\/span><\/span><\/span><\/p>\t\t\t\t\t\t\t\t<\/div>\n\t\t\t\t<\/div>\n\t\t\t\t\t<\/div>\n\t\t<\/div>\n\t\t\t\t\t<\/div>\n\t\t<\/section>\n\t\t\t\t<section class=\"elementor-section elementor-top-section elementor-element elementor-element-09515a1 elementor-section-boxed elementor-section-height-default elementor-section-height-default\" data-id=\"09515a1\" data-element_type=\"section\" data-e-type=\"section\">\n\t\t\t\t\t\t<div class=\"elementor-container elementor-column-gap-default\">\n\t\t\t\t\t<div class=\"elementor-column elementor-col-100 elementor-top-column elementor-element elementor-element-34bdfdb\" data-id=\"34bdfdb\" data-element_type=\"column\" data-e-type=\"column\">\n\t\t\t<div class=\"elementor-widget-wrap elementor-element-populated\">\n\t\t\t\t\t\t<div class=\"elementor-element elementor-element-019c6a7 elementor-widget elementor-widget-text-editor\" data-id=\"019c6a7\" data-element_type=\"widget\" data-e-type=\"widget\" data-widget_type=\"text-editor.default\">\n\t\t\t\t<div class=\"elementor-widget-container\">\n\t\t\t\t\t\t\t\t\t<p class=\"western\" align=\"justify\"><strong><span style=\"color: #000000;\"><span style=\"font-family: Gentium Book Basic;\"><span style=\"font-size: large;\">Aurais-tu un petit mot pour les autres artistes\u00a0?<\/span><\/span><\/span><\/strong><\/p>\t\t\t\t\t\t\t\t<\/div>\n\t\t\t\t<\/div>\n\t\t\t\t\t<\/div>\n\t\t<\/div>\n\t\t\t\t\t<\/div>\n\t\t<\/section>\n\t\t\t\t<section class=\"elementor-section elementor-top-section elementor-element elementor-element-6dbd1cb elementor-section-boxed elementor-section-height-default elementor-section-height-default\" data-id=\"6dbd1cb\" data-element_type=\"section\" data-e-type=\"section\">\n\t\t\t\t\t\t<div class=\"elementor-container elementor-column-gap-default\">\n\t\t\t\t\t<div class=\"elementor-column elementor-col-100 elementor-top-column elementor-element elementor-element-e4f8511\" data-id=\"e4f8511\" data-element_type=\"column\" data-e-type=\"column\">\n\t\t\t<div class=\"elementor-widget-wrap elementor-element-populated\">\n\t\t\t\t\t\t<div class=\"elementor-element elementor-element-7db60de elementor-widget elementor-widget-text-editor\" data-id=\"7db60de\" data-element_type=\"widget\" data-e-type=\"widget\" data-widget_type=\"text-editor.default\">\n\t\t\t\t<div class=\"elementor-widget-container\">\n\t\t\t\t\t\t\t\t\t<p class=\"western\" align=\"justify\"><span style=\"color: #000000;\"><span style=\"font-family: Gentium Book Basic;\"><span style=\"font-size: large;\">Pour prolonger ma pr\u00e9c\u00e9dente r\u00e9ponse, je dirais aux autres artistes de ne pas cesser de r\u00eaver, de travailler au gr\u00e9 de leurs envies, d\u2019\u00eatre ouverts aux rencontres, aux autres formes d\u2019arts et de s\u2019entourer de personnes positives. Nous sommes <\/span><\/span><\/span><span style=\"color: #000000;\"><span style=\"font-family: Gentium Book Basic;\"><span style=\"font-size: large;\"><i>toustes<\/i><\/span><\/span><\/span><span style=\"color: #000000;\"><span style=\"font-family: Gentium Book Basic;\"><span style=\"font-size: large;\"> des cr\u00e9atifs sensitifs, et si nous avons choisi ces m\u00e9tiers, c\u2019est sans aucun doute pour enchanter un monde bien terne parfois, r\u00e9sister \u00e0 toute forme d\u2019obscurantisme, donner la voix \u00e0 ceux qui la perdent, d\u00e9fendre ce qui nous anime et provoquer des \u00e9motions n\u00e9gatives ou positives chez celles et ceux qui sont confront\u00e9s \u00e0 nos mondes fantasmagoriques. Il faut croire en soi et rester quoiqu\u2019il arrive sinc\u00e8re en toute circonstance. Je conclurais en leur disant que je suis ravi de faire partie de leur clan et combien les univers de certaines et certains d\u2019entre elles\/eux m\u2019enrichissent, car j\u2019aime d\u00e9couvrir des mondes plus ou moins \u00e9loign\u00e9s des miens.<\/span><\/span><\/span><\/p>\t\t\t\t\t\t\t\t<\/div>\n\t\t\t\t<\/div>\n\t\t\t\t\t<\/div>\n\t\t<\/div>\n\t\t\t\t\t<\/div>\n\t\t<\/section>\n\t\t\t\t<section class=\"elementor-section elementor-top-section elementor-element elementor-element-e14094f elementor-section-boxed elementor-section-height-default elementor-section-height-default\" data-id=\"e14094f\" data-element_type=\"section\" data-e-type=\"section\">\n\t\t\t\t\t\t<div class=\"elementor-container elementor-column-gap-default\">\n\t\t\t\t\t<div class=\"elementor-column elementor-col-100 elementor-top-column elementor-element elementor-element-17fbd31\" data-id=\"17fbd31\" data-element_type=\"column\" data-e-type=\"column\">\n\t\t\t<div class=\"elementor-widget-wrap elementor-element-populated\">\n\t\t\t\t\t\t<div class=\"elementor-element elementor-element-2a6729b elementor-widget-divider--view-line_text elementor-widget-divider--element-align-center elementor-widget elementor-widget-divider\" data-id=\"2a6729b\" data-element_type=\"widget\" data-e-type=\"widget\" data-widget_type=\"divider.default\">\n\t\t\t\t<div class=\"elementor-widget-container\">\n\t\t\t\t\t\t\t<div class=\"elementor-divider\">\n\t\t\t<span class=\"elementor-divider-separator\">\n\t\t\t\t\t\t\t<span class=\"elementor-divider__text elementor-divider__element\">\n\t\t\t\tLiens\t\t\t\t<\/span>\n\t\t\t\t\t\t<\/span>\n\t\t<\/div>\n\t\t\t\t\t\t<\/div>\n\t\t\t\t<\/div>\n\t\t\t\t\t<\/div>\n\t\t<\/div>\n\t\t\t\t\t<\/div>\n\t\t<\/section>\n\t\t\t\t<section class=\"elementor-section elementor-top-section elementor-element elementor-element-5f1a8ac elementor-section-boxed elementor-section-height-default elementor-section-height-default\" data-id=\"5f1a8ac\" data-element_type=\"section\" data-e-type=\"section\">\n\t\t\t\t\t\t<div class=\"elementor-container elementor-column-gap-default\">\n\t\t\t\t\t<div class=\"elementor-column elementor-col-100 elementor-top-column elementor-element elementor-element-50e8864\" data-id=\"50e8864\" data-element_type=\"column\" data-e-type=\"column\">\n\t\t\t<div class=\"elementor-widget-wrap elementor-element-populated\">\n\t\t\t\t\t\t<div class=\"elementor-element elementor-element-218ab25 elementor-widget elementor-widget-text-editor\" data-id=\"218ab25\" data-element_type=\"widget\" data-e-type=\"widget\" data-widget_type=\"text-editor.default\">\n\t\t\t\t<div class=\"elementor-widget-container\">\n\t\t\t\t\t\t\t\t\t<p class=\"western\" align=\"justify\"><span style=\"color: #000000;\"><span style=\"font-family: Gentium Book Basic;\"><span style=\"font-size: large;\">Site internet\u00a0: <\/span><\/span><\/span><span style=\"color: #000080;\"><span lang=\"zxx\"><u><a class=\"western\" href=\"http:\/\/luceaflorent.e-monsite.com\/\"><span style=\"font-family: Gentium Book Basic;\"><span style=\"font-size: large;\"><span lang=\"fr-FR\">http:\/\/luceaflorent.e-monsite.com<\/span><\/span><\/span><\/a><\/u><\/span><\/span><span style=\"color: #000000;\"><span style=\"font-family: Gentium Book Basic;\"><span style=\"font-size: large;\"> <\/span><\/span><\/span><\/p><p class=\"western\" align=\"justify\"><span style=\"color: #000000;\"><span style=\"font-family: Gentium Book Basic;\"><span style=\"font-size: large;\">Page Facebook Artiste, Luxis\u00a0: <\/span><\/span><\/span><span style=\"color: #000080;\"><span lang=\"zxx\"><u><a class=\"western\" href=\"https:\/\/www.facebook.com\/luxis.universe\"><span style=\"font-family: Gentium Book Basic;\"><span style=\"font-size: large;\"><span lang=\"fr-FR\">https:\/\/www.facebook.com\/luxis.universe<\/span><\/span><\/span><\/a><\/u><\/span><\/span><\/p><p class=\"western\"><span style=\"color: #000000;\"><span style=\"font-family: Gentium Book Basic;\"><span style=\"font-size: large;\">Page Facebook Auteur, Florent Luc\u00e9a Auteur Illustrateur\u00a0: <\/span><\/span><\/span><span style=\"color: #000080;\"><span lang=\"zxx\"><u><a class=\"western\" href=\"https:\/\/www.facebook.com\/luceaflorent2\"><span style=\"font-family: Gentium Book Basic;\"><span style=\"font-size: large;\"><span lang=\"fr-FR\">https:\/\/www.facebook.com\/luceaflorent2<\/span><\/span><\/span><\/a><\/u><\/span><\/span><span style=\"color: #000000;\"><span style=\"font-family: Gentium Book Basic;\"><span style=\"font-size: large;\"> <\/span><\/span><\/span><\/p><p class=\"western\" align=\"justify\"><span style=\"color: #000000;\"><span style=\"font-family: Gentium Book Basic;\"><span style=\"font-size: large;\"><span lang=\"en-US\">Instagram\u00a0: <\/span><\/span><\/span><\/span><span style=\"color: #000080;\"><span lang=\"zxx\"><u><a class=\"western\" href=\"https:\/\/www.instagram.com\/lucea.universe\/?hl=fr\"><span style=\"font-family: Gentium Book Basic;\"><span style=\"font-size: large;\"><span lang=\"en-US\">https:\/\/www.instagram.com\/lucea.universe\/?hl=fr<\/span><\/span><\/span><\/a><\/u><\/span><\/span><span style=\"color: #000000;\"><span style=\"font-family: Gentium Book Basic;\"><span style=\"font-size: large;\"><span lang=\"en-US\"> <\/span><\/span><\/span><\/span><\/p><p class=\"western\" align=\"justify\"><span style=\"color: #000000;\"><span style=\"font-family: Gentium Book Basic;\"><span style=\"font-size: large;\"><span lang=\"en-US\">Twitter\u00a0: <\/span><\/span><\/span><\/span><span style=\"color: #000080;\"><span lang=\"zxx\"><u><a class=\"western\" href=\"https:\/\/twitter.com\/luceartist?lang=fr\"><span style=\"font-family: Gentium Book Basic;\"><span style=\"font-size: large;\"><span lang=\"en-US\">https:\/\/twitter.com\/luceartist?lang=fr<\/span><\/span><\/span><\/a><\/u><\/span><\/span><span style=\"color: #000000;\"><span style=\"font-family: Gentium Book Basic;\"><span style=\"font-size: large;\"><span lang=\"en-US\"> <\/span><\/span><\/span><\/span><\/p><p class=\"western\" align=\"justify\"><span style=\"color: #000000;\"><span style=\"font-family: Gentium Book Basic;\"><span style=\"font-size: large;\"><span lang=\"en-US\">Youtube\u00a0: <\/span><\/span><\/span><\/span><span style=\"color: #000080;\"><span lang=\"zxx\"><u><a class=\"western\" href=\"https:\/\/www.youtube.com\/channel\/UCH7xkdE-cl4Fw77GphVYylA\"><span style=\"font-family: Gentium Book Basic;\"><span style=\"font-size: large;\"><span lang=\"en-US\">https:\/\/www.youtube.com\/channel\/UCH7xkdE-cl4Fw77GphVYylA<\/span><\/span><\/span><\/a><\/u><\/span><\/span><span style=\"color: #000000;\"><span style=\"font-family: Gentium Book Basic;\"><span style=\"font-size: large;\"><span lang=\"en-US\"> <\/span><\/span><\/span><\/span><\/p><p class=\"western\"><span style=\"color: #000000;\"><span style=\"font-family: Gentium Book Basic;\"><span style=\"font-size: large;\">Page Facebook Collection Encre S\u00e8che\u00a0: <\/span><\/span><\/span><span style=\"color: #000080;\"><span lang=\"zxx\"><u><a class=\"western\" href=\"https:\/\/www.facebook.com\/CollectionEncreSeche\"><span style=\"font-family: Gentium Book Basic;\"><span style=\"font-size: large;\"><span lang=\"fr-FR\">https:\/\/www.facebook.com\/CollectionEncreSeche<\/span><\/span><\/span><\/a><\/u><\/span><\/span><span style=\"color: #000000;\"><span style=\"font-family: Gentium Book Basic;\"><span style=\"font-size: large;\"> <\/span><\/span><\/span><\/p><p class=\"western\"><span style=\"color: #000000;\"><span style=\"font-family: Gentium Book Basic;\"><span style=\"font-size: large;\">Instagram Collection Encre S\u00e8che\u00a0: <\/span><\/span><\/span><span style=\"color: #000080;\"><span lang=\"zxx\"><u><a class=\"western\" href=\"https:\/\/www.instagram.com\/collection.encre.seche\/\"><span style=\"font-family: Gentium Book Basic;\"><span style=\"font-size: large;\"><span lang=\"fr-FR\">https:\/\/www.instagram.com\/collection.encre.seche\/<\/span><\/span><\/span><\/a><\/u><\/span><\/span><span style=\"color: #000000;\"><span style=\"font-family: Gentium Book Basic;\"><span style=\"font-size: large;\"> <\/span><\/span><\/span><\/p>\t\t\t\t\t\t\t\t<\/div>\n\t\t\t\t<\/div>\n\t\t\t\t\t<\/div>\n\t\t<\/div>\n\t\t\t\t\t<\/div>\n\t\t<\/section>\n\t\t\t\t<section class=\"elementor-section elementor-top-section elementor-element elementor-element-84ba57e elementor-section-boxed elementor-section-height-default elementor-section-height-default\" data-id=\"84ba57e\" data-element_type=\"section\" data-e-type=\"section\">\n\t\t\t\t\t\t<div class=\"elementor-container elementor-column-gap-default\">\n\t\t\t\t\t<div class=\"elementor-column elementor-col-100 elementor-top-column elementor-element elementor-element-a7789c0\" data-id=\"a7789c0\" data-element_type=\"column\" data-e-type=\"column\">\n\t\t\t<div class=\"elementor-widget-wrap elementor-element-populated\">\n\t\t\t\t\t\t<div class=\"elementor-element elementor-element-25ed700 elementor-widget-divider--view-line elementor-widget elementor-widget-divider\" data-id=\"25ed700\" data-element_type=\"widget\" data-e-type=\"widget\" data-widget_type=\"divider.default\">\n\t\t\t\t<div class=\"elementor-widget-container\">\n\t\t\t\t\t\t\t<div class=\"elementor-divider\">\n\t\t\t<span class=\"elementor-divider-separator\">\n\t\t\t\t\t\t<\/span>\n\t\t<\/div>\n\t\t\t\t\t\t<\/div>\n\t\t\t\t<\/div>\n\t\t\t\t\t<\/div>\n\t\t<\/div>\n\t\t\t\t\t<\/div>\n\t\t<\/section>\n\t\t\t\t<section class=\"elementor-section elementor-top-section elementor-element elementor-element-db0a50b elementor-section-boxed elementor-section-height-default elementor-section-height-default\" data-id=\"db0a50b\" data-element_type=\"section\" data-e-type=\"section\">\n\t\t\t\t\t\t<div class=\"elementor-container elementor-column-gap-default\">\n\t\t\t\t\t<div class=\"elementor-column elementor-col-100 elementor-top-column elementor-element elementor-element-a0a27cb\" data-id=\"a0a27cb\" data-element_type=\"column\" data-e-type=\"column\">\n\t\t\t<div class=\"elementor-widget-wrap elementor-element-populated\">\n\t\t\t\t\t\t<div class=\"elementor-element elementor-element-647c7c3 elementor-widget elementor-widget-text-editor\" data-id=\"647c7c3\" data-element_type=\"widget\" data-e-type=\"widget\" data-widget_type=\"text-editor.default\">\n\t\t\t\t<div class=\"elementor-widget-container\">\n\t\t\t\t\t\t\t\t\t<p><em>Merci Florent d&#8217;avoir jou\u00e9 le jeu !<\/em><\/p>\t\t\t\t\t\t\t\t<\/div>\n\t\t\t\t<\/div>\n\t\t\t\t\t<\/div>\n\t\t<\/div>\n\t\t\t\t\t<\/div>\n\t\t<\/section>\n\t\t\t\t<\/div>\n\t\t","protected":false},"excerpt":{"rendered":"<p>Interview de Florent Luc\u00e9a, po\u00e8te-illustrateur, Artiste-Auteur, directeur de la Collection Encre S\u00e8che (orient\u00e9e BD, mangas et romans graphiques) des \u00c9ditions Ex-Aequo.<\/p>\n","protected":false},"author":2,"featured_media":581,"comment_status":"open","ping_status":"open","sticky":false,"template":"","format":"standard","meta":{"_editorskit_title_hidden":false,"_editorskit_reading_time":9,"_editorskit_is_block_options_detached":false,"_editorskit_block_options_position":"{}","_themeisle_gutenberg_block_has_review":false,"jetpack_post_was_ever_published":false,"_jetpack_newsletter_access":"","_jetpack_dont_email_post_to_subs":false,"_jetpack_newsletter_tier_id":0,"_jetpack_memberships_contains_paywalled_content":false,"_jetpack_memberships_contains_paid_content":false,"footnotes":"","jetpack_publicize_message":"","jetpack_publicize_feature_enabled":true,"jetpack_social_post_already_shared":false,"jetpack_social_options":{"image_generator_settings":{"template":"highway","default_image_id":0,"font":"","enabled":false},"version":2}},"categories":[9],"tags":[51,34,50,48,49],"post_folder":[],"class_list":["post-577","post","type-post","status-publish","format-standard","has-post-thumbnail","hentry","category-les-interviews-dillustrateurs-et-graphistes","tag-artiste-auteur","tag-auteur","tag-bd","tag-florent-lucea","tag-illustrateur"],"yoast_head":"<!-- This site is optimized with the Yoast SEO plugin v27.5 - https:\/\/yoast.com\/product\/yoast-seo-wordpress\/ -->\n<title>Florent Luc\u00e9a - Belisam&#039;Art<\/title>\n<meta name=\"description\" content=\"Interview de Florent Luc\u00e9a, po\u00e8te-illustrateur, Artiste-Auteur, directeur de la Collection Encre S\u00e8che (orient\u00e9e BD, mangas et romans graphiques) des \u00c9ditions Ex-Aequo.\" \/>\n<meta name=\"robots\" content=\"index, follow, max-snippet:-1, max-image-preview:large, max-video-preview:-1\" \/>\n<link rel=\"canonical\" href=\"http:\/\/www.belisamart.fr\/Belisamart-Blog\/florent-lucea\/\" \/>\n<meta property=\"og:locale\" content=\"fr_FR\" \/>\n<meta property=\"og:type\" content=\"article\" \/>\n<meta property=\"og:title\" content=\"Interview de Florent Luc\u00e9a, po\u00e8te-illustrateur...\" \/>\n<meta property=\"og:description\" content=\"Interview de Florent Luc\u00e9a, po\u00e8te-illustrateur, Artiste-Auteur, directeur de la Collection Encre S\u00e8che (orient\u00e9e BD, mangas et romans graphiques) des \u00c9ditions Ex-Aequo\" \/>\n<meta property=\"og:url\" content=\"http:\/\/www.belisamart.fr\/Belisamart-Blog\/florent-lucea\/\" \/>\n<meta property=\"og:site_name\" content=\"Belisam&#039;Art\" \/>\n<meta property=\"article:published_time\" content=\"2021-10-23T10:21:19+00:00\" \/>\n<meta property=\"article:modified_time\" content=\"2021-10-23T10:57:01+00:00\" \/>\n<meta property=\"og:image\" content=\"https:\/\/i1.wp.com\/www.belisamart.fr\/Belisamart-Blog\/wp-content\/uploads\/2021\/10\/Caya-et-Kaki-a-lecole-Illustration-couverture-scaled.jpg?fit=1566%2C2560\" \/>\n\t<meta property=\"og:image:width\" content=\"1566\" \/>\n\t<meta property=\"og:image:height\" content=\"2560\" \/>\n\t<meta property=\"og:image:type\" content=\"image\/jpeg\" \/>\n<meta name=\"author\" content=\"Nathalie\" \/>\n<meta name=\"twitter:card\" content=\"summary_large_image\" \/>\n<meta name=\"twitter:image\" content=\"https:\/\/i0.wp.com\/www.belisamart.fr\/Belisamart-Blog\/wp-content\/uploads\/2021\/10\/Caya-et-Kaki-a-lecole-Illustration-couverture-scaled.jpg?fit=1566%2C2560\" \/>\n<meta name=\"twitter:label1\" content=\"\u00c9crit par\" \/>\n\t<meta name=\"twitter:data1\" content=\"Nathalie\" \/>\n\t<meta name=\"twitter:label2\" content=\"Dur\u00e9e de lecture estim\u00e9e\" \/>\n\t<meta name=\"twitter:data2\" content=\"11 minutes\" \/>\n<script type=\"application\/ld+json\" class=\"yoast-schema-graph\">{\"@context\":\"https:\\\/\\\/schema.org\",\"@graph\":[{\"@type\":\"Article\",\"@id\":\"http:\\\/\\\/www.belisamart.fr\\\/Belisamart-Blog\\\/florent-lucea\\\/#article\",\"isPartOf\":{\"@id\":\"http:\\\/\\\/www.belisamart.fr\\\/Belisamart-Blog\\\/florent-lucea\\\/\"},\"author\":{\"name\":\"Nathalie\",\"@id\":\"http:\\\/\\\/www.belisamart.fr\\\/Belisamart-Blog\\\/#\\\/schema\\\/person\\\/4e12252bd8a18876c9591602314ac177\"},\"headline\":\"Florent Luc\u00e9a\",\"datePublished\":\"2021-10-23T10:21:19+00:00\",\"dateModified\":\"2021-10-23T10:57:01+00:00\",\"mainEntityOfPage\":{\"@id\":\"http:\\\/\\\/www.belisamart.fr\\\/Belisamart-Blog\\\/florent-lucea\\\/\"},\"wordCount\":222,\"commentCount\":0,\"image\":{\"@id\":\"http:\\\/\\\/www.belisamart.fr\\\/Belisamart-Blog\\\/florent-lucea\\\/#primaryimage\"},\"thumbnailUrl\":\"https:\\\/\\\/i0.wp.com\\\/www.belisamart.fr\\\/Belisamart-Blog\\\/wp-content\\\/uploads\\\/2021\\\/10\\\/Blair-et-Nuts.jpg?fit=2111%2C1502\",\"keywords\":[\"Artiste-Auteur\",\"Auteur\",\"BD\",\"Florent Luc\u00e9a\",\"illustrateur\"],\"articleSection\":[\"Les interviews d'illustrateurs et graphistes\"],\"inLanguage\":\"fr-FR\",\"potentialAction\":[{\"@type\":\"CommentAction\",\"name\":\"Comment\",\"target\":[\"http:\\\/\\\/www.belisamart.fr\\\/Belisamart-Blog\\\/florent-lucea\\\/#respond\"]}]},{\"@type\":\"WebPage\",\"@id\":\"http:\\\/\\\/www.belisamart.fr\\\/Belisamart-Blog\\\/florent-lucea\\\/\",\"url\":\"http:\\\/\\\/www.belisamart.fr\\\/Belisamart-Blog\\\/florent-lucea\\\/\",\"name\":\"Florent Luc\u00e9a - Belisam&#039;Art\",\"isPartOf\":{\"@id\":\"http:\\\/\\\/www.belisamart.fr\\\/Belisamart-Blog\\\/#website\"},\"primaryImageOfPage\":{\"@id\":\"http:\\\/\\\/www.belisamart.fr\\\/Belisamart-Blog\\\/florent-lucea\\\/#primaryimage\"},\"image\":{\"@id\":\"http:\\\/\\\/www.belisamart.fr\\\/Belisamart-Blog\\\/florent-lucea\\\/#primaryimage\"},\"thumbnailUrl\":\"https:\\\/\\\/i0.wp.com\\\/www.belisamart.fr\\\/Belisamart-Blog\\\/wp-content\\\/uploads\\\/2021\\\/10\\\/Blair-et-Nuts.jpg?fit=2111%2C1502\",\"datePublished\":\"2021-10-23T10:21:19+00:00\",\"dateModified\":\"2021-10-23T10:57:01+00:00\",\"author\":{\"@id\":\"http:\\\/\\\/www.belisamart.fr\\\/Belisamart-Blog\\\/#\\\/schema\\\/person\\\/4e12252bd8a18876c9591602314ac177\"},\"description\":\"Interview de Florent Luc\u00e9a, po\u00e8te-illustrateur, Artiste-Auteur, directeur de la Collection Encre S\u00e8che (orient\u00e9e BD, mangas et romans graphiques) des \u00c9ditions Ex-Aequo.\",\"breadcrumb\":{\"@id\":\"http:\\\/\\\/www.belisamart.fr\\\/Belisamart-Blog\\\/florent-lucea\\\/#breadcrumb\"},\"inLanguage\":\"fr-FR\",\"potentialAction\":[{\"@type\":\"ReadAction\",\"target\":[\"http:\\\/\\\/www.belisamart.fr\\\/Belisamart-Blog\\\/florent-lucea\\\/\"]}]},{\"@type\":\"ImageObject\",\"inLanguage\":\"fr-FR\",\"@id\":\"http:\\\/\\\/www.belisamart.fr\\\/Belisamart-Blog\\\/florent-lucea\\\/#primaryimage\",\"url\":\"https:\\\/\\\/i0.wp.com\\\/www.belisamart.fr\\\/Belisamart-Blog\\\/wp-content\\\/uploads\\\/2021\\\/10\\\/Blair-et-Nuts.jpg?fit=2111%2C1502\",\"contentUrl\":\"https:\\\/\\\/i0.wp.com\\\/www.belisamart.fr\\\/Belisamart-Blog\\\/wp-content\\\/uploads\\\/2021\\\/10\\\/Blair-et-Nuts.jpg?fit=2111%2C1502\",\"width\":2111,\"height\":1502},{\"@type\":\"BreadcrumbList\",\"@id\":\"http:\\\/\\\/www.belisamart.fr\\\/Belisamart-Blog\\\/florent-lucea\\\/#breadcrumb\",\"itemListElement\":[{\"@type\":\"ListItem\",\"position\":1,\"name\":\"Accueil\",\"item\":\"http:\\\/\\\/www.belisamart.fr\\\/Belisamart-Blog\\\/\"},{\"@type\":\"ListItem\",\"position\":2,\"name\":\"Florent Luc\u00e9a\"}]},{\"@type\":\"WebSite\",\"@id\":\"http:\\\/\\\/www.belisamart.fr\\\/Belisamart-Blog\\\/#website\",\"url\":\"http:\\\/\\\/www.belisamart.fr\\\/Belisamart-Blog\\\/\",\"name\":\"Belisam&#039;Art\",\"description\":\"Blog culturel Belisam&#039;Art\",\"potentialAction\":[{\"@type\":\"SearchAction\",\"target\":{\"@type\":\"EntryPoint\",\"urlTemplate\":\"http:\\\/\\\/www.belisamart.fr\\\/Belisamart-Blog\\\/?s={search_term_string}\"},\"query-input\":{\"@type\":\"PropertyValueSpecification\",\"valueRequired\":true,\"valueName\":\"search_term_string\"}}],\"inLanguage\":\"fr-FR\"},{\"@type\":\"Person\",\"@id\":\"http:\\\/\\\/www.belisamart.fr\\\/Belisamart-Blog\\\/#\\\/schema\\\/person\\\/4e12252bd8a18876c9591602314ac177\",\"name\":\"Nathalie\",\"image\":{\"@type\":\"ImageObject\",\"inLanguage\":\"fr-FR\",\"@id\":\"https:\\\/\\\/secure.gravatar.com\\\/avatar\\\/9113ae6ee9a36d19dd5bb25cc5c58499ca402f34fe8ba4e079065dc899d91722?s=96&d=mm&r=g\",\"url\":\"https:\\\/\\\/secure.gravatar.com\\\/avatar\\\/9113ae6ee9a36d19dd5bb25cc5c58499ca402f34fe8ba4e079065dc899d91722?s=96&d=mm&r=g\",\"contentUrl\":\"https:\\\/\\\/secure.gravatar.com\\\/avatar\\\/9113ae6ee9a36d19dd5bb25cc5c58499ca402f34fe8ba4e079065dc899d91722?s=96&d=mm&r=g\",\"caption\":\"Nathalie\"},\"url\":\"http:\\\/\\\/www.belisamart.fr\\\/Belisamart-Blog\\\/author\\\/auteure\\\/\"}]}<\/script>\n<!-- \/ Yoast SEO plugin. -->","yoast_head_json":{"title":"Florent Luc\u00e9a - Belisam&#039;Art","description":"Interview de Florent Luc\u00e9a, po\u00e8te-illustrateur, Artiste-Auteur, directeur de la Collection Encre S\u00e8che (orient\u00e9e BD, mangas et romans graphiques) des \u00c9ditions Ex-Aequo.","robots":{"index":"index","follow":"follow","max-snippet":"max-snippet:-1","max-image-preview":"max-image-preview:large","max-video-preview":"max-video-preview:-1"},"canonical":"http:\/\/www.belisamart.fr\/Belisamart-Blog\/florent-lucea\/","og_locale":"fr_FR","og_type":"article","og_title":"Interview de Florent Luc\u00e9a, po\u00e8te-illustrateur...","og_description":"Interview de Florent Luc\u00e9a, po\u00e8te-illustrateur, Artiste-Auteur, directeur de la Collection Encre S\u00e8che (orient\u00e9e BD, mangas et romans graphiques) des \u00c9ditions Ex-Aequo","og_url":"http:\/\/www.belisamart.fr\/Belisamart-Blog\/florent-lucea\/","og_site_name":"Belisam&#039;Art","article_published_time":"2021-10-23T10:21:19+00:00","article_modified_time":"2021-10-23T10:57:01+00:00","og_image":[{"width":1566,"height":2560,"url":"https:\/\/i1.wp.com\/www.belisamart.fr\/Belisamart-Blog\/wp-content\/uploads\/2021\/10\/Caya-et-Kaki-a-lecole-Illustration-couverture-scaled.jpg?fit=1566%2C2560","type":"image\/jpeg"}],"author":"Nathalie","twitter_card":"summary_large_image","twitter_image":"https:\/\/i0.wp.com\/www.belisamart.fr\/Belisamart-Blog\/wp-content\/uploads\/2021\/10\/Caya-et-Kaki-a-lecole-Illustration-couverture-scaled.jpg?fit=1566%2C2560","twitter_misc":{"\u00c9crit par":"Nathalie","Dur\u00e9e de lecture estim\u00e9e":"11 minutes"},"schema":{"@context":"https:\/\/schema.org","@graph":[{"@type":"Article","@id":"http:\/\/www.belisamart.fr\/Belisamart-Blog\/florent-lucea\/#article","isPartOf":{"@id":"http:\/\/www.belisamart.fr\/Belisamart-Blog\/florent-lucea\/"},"author":{"name":"Nathalie","@id":"http:\/\/www.belisamart.fr\/Belisamart-Blog\/#\/schema\/person\/4e12252bd8a18876c9591602314ac177"},"headline":"Florent Luc\u00e9a","datePublished":"2021-10-23T10:21:19+00:00","dateModified":"2021-10-23T10:57:01+00:00","mainEntityOfPage":{"@id":"http:\/\/www.belisamart.fr\/Belisamart-Blog\/florent-lucea\/"},"wordCount":222,"commentCount":0,"image":{"@id":"http:\/\/www.belisamart.fr\/Belisamart-Blog\/florent-lucea\/#primaryimage"},"thumbnailUrl":"https:\/\/i0.wp.com\/www.belisamart.fr\/Belisamart-Blog\/wp-content\/uploads\/2021\/10\/Blair-et-Nuts.jpg?fit=2111%2C1502","keywords":["Artiste-Auteur","Auteur","BD","Florent Luc\u00e9a","illustrateur"],"articleSection":["Les interviews d'illustrateurs et graphistes"],"inLanguage":"fr-FR","potentialAction":[{"@type":"CommentAction","name":"Comment","target":["http:\/\/www.belisamart.fr\/Belisamart-Blog\/florent-lucea\/#respond"]}]},{"@type":"WebPage","@id":"http:\/\/www.belisamart.fr\/Belisamart-Blog\/florent-lucea\/","url":"http:\/\/www.belisamart.fr\/Belisamart-Blog\/florent-lucea\/","name":"Florent Luc\u00e9a - Belisam&#039;Art","isPartOf":{"@id":"http:\/\/www.belisamart.fr\/Belisamart-Blog\/#website"},"primaryImageOfPage":{"@id":"http:\/\/www.belisamart.fr\/Belisamart-Blog\/florent-lucea\/#primaryimage"},"image":{"@id":"http:\/\/www.belisamart.fr\/Belisamart-Blog\/florent-lucea\/#primaryimage"},"thumbnailUrl":"https:\/\/i0.wp.com\/www.belisamart.fr\/Belisamart-Blog\/wp-content\/uploads\/2021\/10\/Blair-et-Nuts.jpg?fit=2111%2C1502","datePublished":"2021-10-23T10:21:19+00:00","dateModified":"2021-10-23T10:57:01+00:00","author":{"@id":"http:\/\/www.belisamart.fr\/Belisamart-Blog\/#\/schema\/person\/4e12252bd8a18876c9591602314ac177"},"description":"Interview de Florent Luc\u00e9a, po\u00e8te-illustrateur, Artiste-Auteur, directeur de la Collection Encre S\u00e8che (orient\u00e9e BD, mangas et romans graphiques) des \u00c9ditions Ex-Aequo.","breadcrumb":{"@id":"http:\/\/www.belisamart.fr\/Belisamart-Blog\/florent-lucea\/#breadcrumb"},"inLanguage":"fr-FR","potentialAction":[{"@type":"ReadAction","target":["http:\/\/www.belisamart.fr\/Belisamart-Blog\/florent-lucea\/"]}]},{"@type":"ImageObject","inLanguage":"fr-FR","@id":"http:\/\/www.belisamart.fr\/Belisamart-Blog\/florent-lucea\/#primaryimage","url":"https:\/\/i0.wp.com\/www.belisamart.fr\/Belisamart-Blog\/wp-content\/uploads\/2021\/10\/Blair-et-Nuts.jpg?fit=2111%2C1502","contentUrl":"https:\/\/i0.wp.com\/www.belisamart.fr\/Belisamart-Blog\/wp-content\/uploads\/2021\/10\/Blair-et-Nuts.jpg?fit=2111%2C1502","width":2111,"height":1502},{"@type":"BreadcrumbList","@id":"http:\/\/www.belisamart.fr\/Belisamart-Blog\/florent-lucea\/#breadcrumb","itemListElement":[{"@type":"ListItem","position":1,"name":"Accueil","item":"http:\/\/www.belisamart.fr\/Belisamart-Blog\/"},{"@type":"ListItem","position":2,"name":"Florent Luc\u00e9a"}]},{"@type":"WebSite","@id":"http:\/\/www.belisamart.fr\/Belisamart-Blog\/#website","url":"http:\/\/www.belisamart.fr\/Belisamart-Blog\/","name":"Belisam&#039;Art","description":"Blog culturel Belisam&#039;Art","potentialAction":[{"@type":"SearchAction","target":{"@type":"EntryPoint","urlTemplate":"http:\/\/www.belisamart.fr\/Belisamart-Blog\/?s={search_term_string}"},"query-input":{"@type":"PropertyValueSpecification","valueRequired":true,"valueName":"search_term_string"}}],"inLanguage":"fr-FR"},{"@type":"Person","@id":"http:\/\/www.belisamart.fr\/Belisamart-Blog\/#\/schema\/person\/4e12252bd8a18876c9591602314ac177","name":"Nathalie","image":{"@type":"ImageObject","inLanguage":"fr-FR","@id":"https:\/\/secure.gravatar.com\/avatar\/9113ae6ee9a36d19dd5bb25cc5c58499ca402f34fe8ba4e079065dc899d91722?s=96&d=mm&r=g","url":"https:\/\/secure.gravatar.com\/avatar\/9113ae6ee9a36d19dd5bb25cc5c58499ca402f34fe8ba4e079065dc899d91722?s=96&d=mm&r=g","contentUrl":"https:\/\/secure.gravatar.com\/avatar\/9113ae6ee9a36d19dd5bb25cc5c58499ca402f34fe8ba4e079065dc899d91722?s=96&d=mm&r=g","caption":"Nathalie"},"url":"http:\/\/www.belisamart.fr\/Belisamart-Blog\/author\/auteure\/"}]}},"jetpack_publicize_connections":[],"jetpack_featured_media_url":"https:\/\/i0.wp.com\/www.belisamart.fr\/Belisamart-Blog\/wp-content\/uploads\/2021\/10\/Blair-et-Nuts.jpg?fit=2111%2C1502","jetpack_sharing_enabled":true,"jetpack_likes_enabled":true,"jetpack-related-posts":[{"id":546,"url":"http:\/\/www.belisamart.fr\/Belisamart-Blog\/rencontre-avec-fern\/","url_meta":{"origin":577,"position":0},"title":"Rencontre avec Fern","author":"Nathalie","date":"2 octobre 2021","format":false,"excerpt":"Bonjour Fern, Merci de bien vouloir te pr\u00e9senter en quelques lignes. J'avoue que je ne suis plus tellement frais, quoique bien entretenu et sans usures ni dommages notables. Je crois que 1948 fut une bonne ann\u00e9e. Parfois quand m\u00eame, p. ex. quand je participe \u00e0 un festival, je me sens\u2026","rel":"","context":"Dans &quot;Les interviews d'illustrateurs et graphistes&quot;","block_context":{"text":"Les interviews d'illustrateurs et graphistes","link":"http:\/\/www.belisamart.fr\/Belisamart-Blog\/category\/interviews\/les-interviews-dillustrateurs-et-graphistes\/"},"img":{"alt_text":"esquisse CONAN2 par Fern","src":"https:\/\/i0.wp.com\/www.belisamart.fr\/Belisamart-Blog\/wp-content\/uploads\/2021\/09\/esquisse-CONAN2.jpg?fit=595%2C842&resize=350%2C200","width":350,"height":200,"srcset":"https:\/\/i0.wp.com\/www.belisamart.fr\/Belisamart-Blog\/wp-content\/uploads\/2021\/09\/esquisse-CONAN2.jpg?fit=595%2C842&resize=350%2C200 1x, https:\/\/i0.wp.com\/www.belisamart.fr\/Belisamart-Blog\/wp-content\/uploads\/2021\/09\/esquisse-CONAN2.jpg?fit=595%2C842&resize=525%2C300 1.5x"},"classes":[]},{"id":429,"url":"http:\/\/www.belisamart.fr\/Belisamart-Blog\/interview-philippe-lemaire\/","url_meta":{"origin":577,"position":1},"title":"Philippe Lemaire","author":"Nathalie","date":"12 septembre 2021","format":false,"excerpt":"Interview de Philippe Lemaire, auteur de roman fantastique et dessinateur de BD. Philippe est l'auteur de la s\u00e9rie Radu Dracula.","rel":"","context":"Dans &quot;Les interviews d'auteurs&quot;","block_context":{"text":"Les interviews d'auteurs","link":"http:\/\/www.belisamart.fr\/Belisamart-Blog\/category\/interviews\/les-interviews-dauteurs\/"},"img":{"alt_text":"","src":"https:\/\/i0.wp.com\/www.belisamart.fr\/Belisamart-Blog\/wp-content\/uploads\/2021\/09\/EmbeddedImage-1.jpg?fit=437%2C475&resize=350%2C200","width":350,"height":200},"classes":[]},{"id":116,"url":"http:\/\/www.belisamart.fr\/Belisamart-Blog\/les-aventuriales\/","url_meta":{"origin":577,"position":2},"title":"Les Aventuriales","author":"Nathalie","date":"10 septembre 2021","format":false,"excerpt":"Les Aventuriales. Pour la septi\u00e8me ann\u00e9e, le salon de l'imaginaire de M\u00e9n\u00e9trol, \u00e0 cot\u00e9 de Riom et \u00e0 un quart d'heure de Clermont-Ferrand, ouvrira ses portes les 25 et 26 septembre 2021.","rel":"","context":"Dans &quot;Blog&quot;","block_context":{"text":"Blog","link":"http:\/\/www.belisamart.fr\/Belisamart-Blog\/category\/blog\/"},"img":{"alt_text":"","src":"https:\/\/i0.wp.com\/www.belisamart.fr\/Belisamart-Blog\/wp-content\/uploads\/2021\/09\/Aventuriales.png?fit=1200%2C1189&resize=350%2C200","width":350,"height":200,"srcset":"https:\/\/i0.wp.com\/www.belisamart.fr\/Belisamart-Blog\/wp-content\/uploads\/2021\/09\/Aventuriales.png?fit=1200%2C1189&resize=350%2C200 1x, https:\/\/i0.wp.com\/www.belisamart.fr\/Belisamart-Blog\/wp-content\/uploads\/2021\/09\/Aventuriales.png?fit=1200%2C1189&resize=525%2C300 1.5x, https:\/\/i0.wp.com\/www.belisamart.fr\/Belisamart-Blog\/wp-content\/uploads\/2021\/09\/Aventuriales.png?fit=1200%2C1189&resize=700%2C400 2x, https:\/\/i0.wp.com\/www.belisamart.fr\/Belisamart-Blog\/wp-content\/uploads\/2021\/09\/Aventuriales.png?fit=1200%2C1189&resize=1050%2C600 3x"},"classes":[]},{"id":498,"url":"http:\/\/www.belisamart.fr\/Belisamart-Blog\/christopher-evrard\/","url_meta":{"origin":577,"position":3},"title":"Christopher Evrard","author":"Nathalie","date":"18 septembre 2021","format":false,"excerpt":"Interview Bonjour Christophe et bienvenue sur Belisam'Art ! Merci de bien vouloir te pr\u00e9senter en quelques lignes. Je m\u2019appelle Christopher Evrard, j\u2019ai 33 ans, j\u2019\u00e9cris une saga de dark fantasy qui s\u2019intitule \u00ab\u00a0Les Royaumes D\u00e9moniaques\u00a0\u00bb, ce sont des romans illustr\u00e9s. Le 4e tome s\u2019appr\u00eate \u00e0 sortir gr\u00e2ce \u00e0 un financement\u2026","rel":"","context":"Dans &quot;Les interviews d'auteurs&quot;","block_context":{"text":"Les interviews d'auteurs","link":"http:\/\/www.belisamart.fr\/Belisamart-Blog\/category\/interviews\/les-interviews-dauteurs\/"},"img":{"alt_text":"couverture tome 1 Royaumes D\u00e9moniaques","src":"https:\/\/i0.wp.com\/www.belisamart.fr\/Belisamart-Blog\/wp-content\/uploads\/2021\/09\/couverture-tome-1-scaled.jpg?fit=848%2C1200&resize=350%2C200","width":350,"height":200,"srcset":"https:\/\/i0.wp.com\/www.belisamart.fr\/Belisamart-Blog\/wp-content\/uploads\/2021\/09\/couverture-tome-1-scaled.jpg?fit=848%2C1200&resize=350%2C200 1x, https:\/\/i0.wp.com\/www.belisamart.fr\/Belisamart-Blog\/wp-content\/uploads\/2021\/09\/couverture-tome-1-scaled.jpg?fit=848%2C1200&resize=525%2C300 1.5x, https:\/\/i0.wp.com\/www.belisamart.fr\/Belisamart-Blog\/wp-content\/uploads\/2021\/09\/couverture-tome-1-scaled.jpg?fit=848%2C1200&resize=700%2C400 2x"},"classes":[]},{"id":478,"url":"http:\/\/www.belisamart.fr\/Belisamart-Blog\/les-editions-malpertuis\/","url_meta":{"origin":577,"position":4},"title":"Les \u00e9ditions Malpertuis","author":"Nathalie","date":"13 septembre 2021","format":false,"excerpt":"Interview de Thomas Bauduret, co\u00e9diteur des \u00e9ditions Malpertuis","rel":"","context":"Dans &quot;Les interviews d'\u00e9diteurs&quot;","block_context":{"text":"Les interviews d'\u00e9diteurs","link":"http:\/\/www.belisamart.fr\/Belisamart-Blog\/category\/interviews\/les-interviews-dediteurs\/"},"img":{"alt_text":"","src":"https:\/\/i0.wp.com\/www.belisamart.fr\/Belisamart-Blog\/wp-content\/uploads\/2021\/09\/Malpertuis-IX.jpg?resize=350%2C200","width":350,"height":200},"classes":[]},{"id":459,"url":"http:\/\/www.belisamart.fr\/Belisamart-Blog\/mycelium-par-christian-perrot\/","url_meta":{"origin":577,"position":5},"title":"Myc\u00e9lium par Christian Perrot","author":"Nathalie","date":"15 septembre 2021","format":false,"excerpt":"\u00ab\u00a0En 2030, la base lunaire permanente accueille ses premiers colons. Un grand pas pour l\u2019humanit\u00e9. Apr\u00e8s quelques mois d\u2019occupation, l\u2019inqui\u00e9tude se r\u00e9pand sur Terre : la base ne r\u00e9pond plus. Les tentatives de communication restent toutes sans r\u00e9ponse. Pour tenter de comprendre les raisons de ce silence, la NASA d\u00e9ploie\u2026","rel":"","context":"Dans &quot;Blog&quot;","block_context":{"text":"Blog","link":"http:\/\/www.belisamart.fr\/Belisamart-Blog\/category\/blog\/"},"img":{"alt_text":"Myc\u00e9lium par Christian Perrot","src":"https:\/\/i0.wp.com\/www.belisamart.fr\/Belisamart-Blog\/wp-content\/uploads\/2021\/09\/Mycelium.jpg?fit=558%2C800&resize=350%2C200","width":350,"height":200,"srcset":"https:\/\/i0.wp.com\/www.belisamart.fr\/Belisamart-Blog\/wp-content\/uploads\/2021\/09\/Mycelium.jpg?fit=558%2C800&resize=350%2C200 1x, https:\/\/i0.wp.com\/www.belisamart.fr\/Belisamart-Blog\/wp-content\/uploads\/2021\/09\/Mycelium.jpg?fit=558%2C800&resize=525%2C300 1.5x"},"classes":[]}],"jetpack_shortlink":"https:\/\/wp.me\/pdhBgb-9j","_links":{"self":[{"href":"http:\/\/www.belisamart.fr\/Belisamart-Blog\/wp-json\/wp\/v2\/posts\/577","targetHints":{"allow":["GET"]}}],"collection":[{"href":"http:\/\/www.belisamart.fr\/Belisamart-Blog\/wp-json\/wp\/v2\/posts"}],"about":[{"href":"http:\/\/www.belisamart.fr\/Belisamart-Blog\/wp-json\/wp\/v2\/types\/post"}],"author":[{"embeddable":true,"href":"http:\/\/www.belisamart.fr\/Belisamart-Blog\/wp-json\/wp\/v2\/users\/2"}],"replies":[{"embeddable":true,"href":"http:\/\/www.belisamart.fr\/Belisamart-Blog\/wp-json\/wp\/v2\/comments?post=577"}],"version-history":[{"count":17,"href":"http:\/\/www.belisamart.fr\/Belisamart-Blog\/wp-json\/wp\/v2\/posts\/577\/revisions"}],"predecessor-version":[{"id":605,"href":"http:\/\/www.belisamart.fr\/Belisamart-Blog\/wp-json\/wp\/v2\/posts\/577\/revisions\/605"}],"wp:featuredmedia":[{"embeddable":true,"href":"http:\/\/www.belisamart.fr\/Belisamart-Blog\/wp-json\/wp\/v2\/media\/581"}],"wp:attachment":[{"href":"http:\/\/www.belisamart.fr\/Belisamart-Blog\/wp-json\/wp\/v2\/media?parent=577"}],"wp:term":[{"taxonomy":"category","embeddable":true,"href":"http:\/\/www.belisamart.fr\/Belisamart-Blog\/wp-json\/wp\/v2\/categories?post=577"},{"taxonomy":"post_tag","embeddable":true,"href":"http:\/\/www.belisamart.fr\/Belisamart-Blog\/wp-json\/wp\/v2\/tags?post=577"},{"taxonomy":"post_folder","embeddable":true,"href":"http:\/\/www.belisamart.fr\/Belisamart-Blog\/wp-json\/wp\/v2\/post_folder?post=577"}],"curies":[{"name":"wp","href":"https:\/\/api.w.org\/{rel}","templated":true}]}}