{"id":116,"date":"2021-09-10T20:31:42","date_gmt":"2021-09-10T18:31:42","guid":{"rendered":"http:\/\/www.belisamart.fr\/Belisamart-Blog\/?p=116"},"modified":"2021-09-29T21:37:56","modified_gmt":"2021-09-29T19:37:56","slug":"les-aventuriales","status":"publish","type":"post","link":"http:\/\/www.belisamart.fr\/Belisamart-Blog\/les-aventuriales\/","title":{"rendered":"Les Aventuriales"},"content":{"rendered":"\t\t<div data-elementor-type=\"wp-post\" data-elementor-id=\"116\" class=\"elementor elementor-116\">\n\t\t\t\t\t\t<section class=\"elementor-section elementor-top-section elementor-element elementor-element-9578371 elementor-section-boxed elementor-section-height-default elementor-section-height-default\" data-id=\"9578371\" data-element_type=\"section\" data-e-type=\"section\">\n\t\t\t\t\t\t<div class=\"elementor-container elementor-column-gap-default\">\n\t\t\t\t\t<div class=\"elementor-column elementor-col-50 elementor-top-column elementor-element elementor-element-011d32e\" data-id=\"011d32e\" data-element_type=\"column\" data-e-type=\"column\">\n\t\t\t<div class=\"elementor-widget-wrap elementor-element-populated\">\n\t\t\t\t\t\t<div class=\"elementor-element elementor-element-38de870 elementor-widget elementor-widget-heading\" data-id=\"38de870\" data-element_type=\"widget\" data-e-type=\"widget\" data-widget_type=\"heading.default\">\n\t\t\t\t<div class=\"elementor-widget-container\">\n\t\t\t\t\t<h2 class=\"elementor-heading-title elementor-size-default\">Les Aventuriales<\/h2>\t\t\t\t<\/div>\n\t\t\t\t<\/div>\n\t\t\t\t<div class=\"elementor-element elementor-element-302be60 elementor-widget elementor-widget-spacer\" data-id=\"302be60\" data-element_type=\"widget\" data-e-type=\"widget\" data-widget_type=\"spacer.default\">\n\t\t\t\t<div class=\"elementor-widget-container\">\n\t\t\t\t\t\t\t<div class=\"elementor-spacer\">\n\t\t\t<div class=\"elementor-spacer-inner\"><\/div>\n\t\t<\/div>\n\t\t\t\t\t\t<\/div>\n\t\t\t\t<\/div>\n\t\t\t\t<div class=\"elementor-element elementor-element-60ce03d elementor-drop-cap-yes elementor-drop-cap-view-default elementor-widget elementor-widget-text-editor\" data-id=\"60ce03d\" data-element_type=\"widget\" data-e-type=\"widget\" data-settings=\"{&quot;drop_cap&quot;:&quot;yes&quot;}\" data-widget_type=\"text-editor.default\">\n\t\t\t\t<div class=\"elementor-widget-container\">\n\t\t\t\t\t\t\t\t\t<p>Pour la septi\u00e8me ann\u00e9e, le salon de l&#8217;imaginaire de M\u00e9n\u00e9trol, \u00e0 cot\u00e9 de Riom et \u00e0 un quart d&#8217;heure de Clermont-Ferrand, ouvrira ses portes les 25 et 26 septembre 2021.<br \/>Consacr\u00e9 aux Arts et \u00e0 la litt\u00e9rature de l&#8217;imaginaire : Aventure, Science-Fiction, Fantastique, Fantasy, contes et l\u00e9gendes, celui-ci est gratuit et ouvert \u00e0 tous.<\/p>\t\t\t\t\t\t\t\t<\/div>\n\t\t\t\t<\/div>\n\t\t\t\t\t<\/div>\n\t\t<\/div>\n\t\t\t\t<div class=\"elementor-column elementor-col-50 elementor-top-column elementor-element elementor-element-5781d58\" data-id=\"5781d58\" data-element_type=\"column\" data-e-type=\"column\">\n\t\t\t<div class=\"elementor-widget-wrap elementor-element-populated\">\n\t\t\t\t\t\t<div class=\"elementor-element elementor-element-bd5dbdd elementor-widget elementor-widget-image\" data-id=\"bd5dbdd\" data-element_type=\"widget\" data-e-type=\"widget\" data-widget_type=\"image.default\">\n\t\t\t\t<div class=\"elementor-widget-container\">\n\t\t\t\t\t\t\t\t\t\t\t\t\t\t\t<img fetchpriority=\"high\" decoding=\"async\" data-attachment-id=\"375\" data-permalink=\"http:\/\/www.belisamart.fr\/Belisamart-Blog\/les-aventuriales\/affiche-aventuriales2021\/\" data-orig-file=\"https:\/\/i0.wp.com\/www.belisamart.fr\/Belisamart-Blog\/wp-content\/uploads\/2021\/09\/Affiche-aventuriales2021.jpg?fit=1462%2C2048\" data-orig-size=\"1462,2048\" data-comments-opened=\"1\" data-image-meta=\"{&quot;aperture&quot;:&quot;0&quot;,&quot;credit&quot;:&quot;&quot;,&quot;camera&quot;:&quot;&quot;,&quot;caption&quot;:&quot;&quot;,&quot;created_timestamp&quot;:&quot;0&quot;,&quot;copyright&quot;:&quot;&quot;,&quot;focal_length&quot;:&quot;0&quot;,&quot;iso&quot;:&quot;0&quot;,&quot;shutter_speed&quot;:&quot;0&quot;,&quot;title&quot;:&quot;&quot;,&quot;orientation&quot;:&quot;0&quot;}\" data-image-title=\"Affiche aventuriales2021\" data-image-description=\"&lt;p&gt;Affiche aventuriales2021&lt;\/p&gt;\n\" data-image-caption=\"\" data-large-file=\"https:\/\/i0.wp.com\/www.belisamart.fr\/Belisamart-Blog\/wp-content\/uploads\/2021\/09\/Affiche-aventuriales2021.jpg?fit=750%2C750\" width=\"1462\" height=\"2048\" src=\"https:\/\/i0.wp.com\/www.belisamart.fr\/Belisamart-Blog\/wp-content\/uploads\/2021\/09\/Affiche-aventuriales2021.jpg?fit=1462%2C2048\" class=\"attachment-full size-full wp-image-375\" alt=\"Affiche aventuriales2021\" srcset=\"https:\/\/i0.wp.com\/www.belisamart.fr\/Belisamart-Blog\/wp-content\/uploads\/2021\/09\/Affiche-aventuriales2021.jpg?w=1462 1462w, https:\/\/i0.wp.com\/www.belisamart.fr\/Belisamart-Blog\/wp-content\/uploads\/2021\/09\/Affiche-aventuriales2021.jpg?resize=1097%2C1536 1097w\" sizes=\"(max-width: 750px) 100vw, 750px\" data-attachment-id=\"375\" data-permalink=\"http:\/\/www.belisamart.fr\/Belisamart-Blog\/les-aventuriales\/affiche-aventuriales2021\/\" data-orig-file=\"https:\/\/i0.wp.com\/www.belisamart.fr\/Belisamart-Blog\/wp-content\/uploads\/2021\/09\/Affiche-aventuriales2021.jpg?fit=1462%2C2048\" data-orig-size=\"1462,2048\" data-comments-opened=\"1\" data-image-meta=\"{&quot;aperture&quot;:&quot;0&quot;,&quot;credit&quot;:&quot;&quot;,&quot;camera&quot;:&quot;&quot;,&quot;caption&quot;:&quot;&quot;,&quot;created_timestamp&quot;:&quot;0&quot;,&quot;copyright&quot;:&quot;&quot;,&quot;focal_length&quot;:&quot;0&quot;,&quot;iso&quot;:&quot;0&quot;,&quot;shutter_speed&quot;:&quot;0&quot;,&quot;title&quot;:&quot;&quot;,&quot;orientation&quot;:&quot;0&quot;}\" data-image-title=\"Affiche aventuriales2021\" data-image-description=\"&lt;p&gt;Affiche aventuriales2021&lt;\/p&gt;\n\" data-image-caption=\"\" data-large-file=\"https:\/\/i0.wp.com\/www.belisamart.fr\/Belisamart-Blog\/wp-content\/uploads\/2021\/09\/Affiche-aventuriales2021.jpg?fit=750%2C750\" \/>\t\t\t\t\t\t\t\t\t\t\t\t\t\t\t<\/div>\n\t\t\t\t<\/div>\n\t\t\t\t\t<\/div>\n\t\t<\/div>\n\t\t\t\t\t<\/div>\n\t\t<\/section>\n\t\t\t\t<section class=\"elementor-section elementor-top-section elementor-element elementor-element-ceefe97 elementor-section-boxed elementor-section-height-default elementor-section-height-default\" data-id=\"ceefe97\" data-element_type=\"section\" data-e-type=\"section\">\n\t\t\t\t\t\t<div class=\"elementor-container elementor-column-gap-default\">\n\t\t\t\t\t<div class=\"elementor-column elementor-col-100 elementor-top-column elementor-element elementor-element-2384fa3\" data-id=\"2384fa3\" data-element_type=\"column\" data-e-type=\"column\">\n\t\t\t<div class=\"elementor-widget-wrap elementor-element-populated\">\n\t\t\t\t\t\t<div class=\"elementor-element elementor-element-f470943 elementor-widget elementor-widget-text-editor\" data-id=\"f470943\" data-element_type=\"widget\" data-e-type=\"widget\" data-widget_type=\"text-editor.default\">\n\t\t\t\t<div class=\"elementor-widget-container\">\n\t\t\t\t\t\t\t\t\t<p>Le Salon ouvrira ses portes le samedi de 10H jusqu&#8217;\u00e0 19H et le dimanche de 10H \u00e0 18H.<\/p>\t\t\t\t\t\t\t\t<\/div>\n\t\t\t\t<\/div>\n\t\t\t\t\t<\/div>\n\t\t<\/div>\n\t\t\t\t\t<\/div>\n\t\t<\/section>\n\t\t\t\t<section class=\"elementor-section elementor-top-section elementor-element elementor-element-0cebd32 elementor-section-boxed elementor-section-height-default elementor-section-height-default\" data-id=\"0cebd32\" data-element_type=\"section\" data-e-type=\"section\">\n\t\t\t\t\t\t<div class=\"elementor-container elementor-column-gap-default\">\n\t\t\t\t\t<div class=\"elementor-column elementor-col-100 elementor-top-column elementor-element elementor-element-4638c52\" data-id=\"4638c52\" data-element_type=\"column\" data-e-type=\"column\">\n\t\t\t<div class=\"elementor-widget-wrap elementor-element-populated\">\n\t\t\t\t\t\t<div class=\"elementor-element elementor-element-7bd9806 elementor-widget elementor-widget-text-editor\" data-id=\"7bd9806\" data-element_type=\"widget\" data-e-type=\"widget\" data-widget_type=\"text-editor.default\">\n\t\t\t\t<div class=\"elementor-widget-container\">\n\t\t\t\t\t\t\t\t\t<p style=\"text-align: center;\"><strong>Salle polyvalente de M\u00e9n\u00e9trol<\/strong><br \/><strong>Rue des anciens combattants.<\/strong><\/p>\t\t\t\t\t\t\t\t<\/div>\n\t\t\t\t<\/div>\n\t\t\t\t\t<\/div>\n\t\t<\/div>\n\t\t\t\t\t<\/div>\n\t\t<\/section>\n\t\t\t\t<section class=\"elementor-section elementor-top-section elementor-element elementor-element-d6a6816 elementor-section-boxed elementor-section-height-default elementor-section-height-default\" data-id=\"d6a6816\" data-element_type=\"section\" data-e-type=\"section\">\n\t\t\t\t\t\t<div class=\"elementor-container elementor-column-gap-default\">\n\t\t\t\t\t<div class=\"elementor-column elementor-col-100 elementor-top-column elementor-element elementor-element-00f7a5a\" data-id=\"00f7a5a\" data-element_type=\"column\" data-e-type=\"column\">\n\t\t\t<div class=\"elementor-widget-wrap elementor-element-populated\">\n\t\t\t\t\t\t<div class=\"elementor-element elementor-element-a630f6e elementor-widget elementor-widget-text-editor\" data-id=\"a630f6e\" data-element_type=\"widget\" data-e-type=\"widget\" data-widget_type=\"text-editor.default\">\n\t\t\t\t<div class=\"elementor-widget-container\">\n\t\t\t\t\t\t\t\t\t<p>En parall\u00e8le du salon, vous seront propos\u00e9es deux s\u00e9ances de cin\u00e9ma :<\/p><p>Le vendredi 24 au soir, Cin\u00e9 Concert.<br \/>Les Trois Lumi\u00e8res (Der M\u00fcde Tod &#8211; La mort Fatgu\u00e9e) de Fritz Lang (1921).<br \/><br \/>Le samedi 25 au soir (vers 19H30), s\u00e9ance exclusive.<br \/>Dune, le film de Denis Villeneuve en V.O.<\/p>\t\t\t\t\t\t\t\t<\/div>\n\t\t\t\t<\/div>\n\t\t\t\t\t<\/div>\n\t\t<\/div>\n\t\t\t\t\t<\/div>\n\t\t<\/section>\n\t\t\t\t<section class=\"elementor-section elementor-top-section elementor-element elementor-element-c720065 elementor-section-boxed elementor-section-height-default elementor-section-height-default\" data-id=\"c720065\" data-element_type=\"section\" data-e-type=\"section\">\n\t\t\t\t\t\t<div class=\"elementor-container elementor-column-gap-default\">\n\t\t\t\t\t<div class=\"elementor-column elementor-col-100 elementor-top-column elementor-element elementor-element-8a175e7\" data-id=\"8a175e7\" data-element_type=\"column\" data-e-type=\"column\">\n\t\t\t<div class=\"elementor-widget-wrap elementor-element-populated\">\n\t\t\t\t\t\t<div class=\"elementor-element elementor-element-e38a8d5 elementor-widget elementor-widget-text-editor\" data-id=\"e38a8d5\" data-element_type=\"widget\" data-e-type=\"widget\" data-widget_type=\"text-editor.default\">\n\t\t\t\t<div class=\"elementor-widget-container\">\n\t\t\t\t\t\t\t\t\t<p style=\"text-align: center;\">Les s\u00e9ances auront lieu au\u00a0<\/p><p style=\"text-align: center;\"><strong><span style=\"color: #76b2c1;\">Cin\u00e9ma L&#8217;Arcadia de Riom<\/span><\/strong><br \/><strong><span style=\"color: #76b2c1;\">2b Fbg de la Bade<\/span><\/strong><\/p>\t\t\t\t\t\t\t\t<\/div>\n\t\t\t\t<\/div>\n\t\t\t\t\t<\/div>\n\t\t<\/div>\n\t\t\t\t\t<\/div>\n\t\t<\/section>\n\t\t\t\t<section class=\"elementor-section elementor-top-section elementor-element elementor-element-a0eddc4 elementor-section-boxed elementor-section-height-default elementor-section-height-default\" data-id=\"a0eddc4\" data-element_type=\"section\" data-e-type=\"section\">\n\t\t\t\t\t\t<div class=\"elementor-container elementor-column-gap-default\">\n\t\t\t\t\t<div class=\"elementor-column elementor-col-100 elementor-top-column elementor-element elementor-element-f9cce1b\" data-id=\"f9cce1b\" data-element_type=\"column\" data-e-type=\"column\">\n\t\t\t<div class=\"elementor-widget-wrap elementor-element-populated\">\n\t\t\t\t\t\t<div class=\"elementor-element elementor-element-cfb83b2 elementor-widget elementor-widget-text-editor\" data-id=\"cfb83b2\" data-element_type=\"widget\" data-e-type=\"widget\" data-widget_type=\"text-editor.default\">\n\t\t\t\t<div class=\"elementor-widget-container\">\n\t\t\t\t\t\t\t\t\t<p>Les Aventuriales ce sont :\u00a0<\/p><ul><li>130 Auteurs<\/li><li>30 Maisons d&#8217;\u00e9dition<\/li><li>Des illustrateurs<\/li><li>Des Artisans et Cr\u00e9ateurs<\/li><li>Des conf\u00e9rences et Tables Rondes<\/li><li>Des Animations<\/li><\/ul><p><\/p>\t\t\t\t\t\t\t\t<\/div>\n\t\t\t\t<\/div>\n\t\t\t\t\t<\/div>\n\t\t<\/div>\n\t\t\t\t\t<\/div>\n\t\t<\/section>\n\t\t\t\t<section class=\"elementor-section elementor-top-section elementor-element elementor-element-369ad84 elementor-section-boxed elementor-section-height-default elementor-section-height-default\" data-id=\"369ad84\" data-element_type=\"section\" data-e-type=\"section\">\n\t\t\t\t\t\t<div class=\"elementor-container elementor-column-gap-default\">\n\t\t\t\t\t<div class=\"elementor-column elementor-col-100 elementor-top-column elementor-element elementor-element-f4f2bfc\" data-id=\"f4f2bfc\" data-element_type=\"column\" data-e-type=\"column\">\n\t\t\t<div class=\"elementor-widget-wrap elementor-element-populated\">\n\t\t\t\t\t\t<div class=\"elementor-element elementor-element-c69ef80 elementor-widget elementor-widget-heading\" data-id=\"c69ef80\" data-element_type=\"widget\" data-e-type=\"widget\" data-widget_type=\"heading.default\">\n\t\t\t\t<div class=\"elementor-widget-container\">\n\t\t\t\t\t<h5 class=\"elementor-heading-title elementor-size-default\">Un invit\u00e9 d'honneur<\/h5>\t\t\t\t<\/div>\n\t\t\t\t<\/div>\n\t\t\t\t\t<\/div>\n\t\t<\/div>\n\t\t\t\t\t<\/div>\n\t\t<\/section>\n\t\t\t\t<section class=\"elementor-section elementor-top-section elementor-element elementor-element-a839173 elementor-section-boxed elementor-section-height-default elementor-section-height-default\" data-id=\"a839173\" data-element_type=\"section\" data-e-type=\"section\">\n\t\t\t\t\t\t<div class=\"elementor-container elementor-column-gap-default\">\n\t\t\t\t\t<div class=\"elementor-column elementor-col-100 elementor-top-column elementor-element elementor-element-139b5cf\" data-id=\"139b5cf\" data-element_type=\"column\" data-e-type=\"column\">\n\t\t\t<div class=\"elementor-widget-wrap elementor-element-populated\">\n\t\t\t\t\t\t<div class=\"elementor-element elementor-element-bb96b60 elementor-widget elementor-widget-heading\" data-id=\"bb96b60\" data-element_type=\"widget\" data-e-type=\"widget\" data-widget_type=\"heading.default\">\n\t\t\t\t<div class=\"elementor-widget-container\">\n\t\t\t\t\t<h3 class=\"elementor-heading-title elementor-size-default\">Peter F. Hamilton<\/h3>\t\t\t\t<\/div>\n\t\t\t\t<\/div>\n\t\t\t\t\t<\/div>\n\t\t<\/div>\n\t\t\t\t\t<\/div>\n\t\t<\/section>\n\t\t\t\t<section class=\"elementor-section elementor-top-section elementor-element elementor-element-54210db elementor-section-boxed elementor-section-height-default elementor-section-height-default\" data-id=\"54210db\" data-element_type=\"section\" data-e-type=\"section\">\n\t\t\t\t\t\t<div class=\"elementor-container elementor-column-gap-default\">\n\t\t\t\t\t<div class=\"elementor-column elementor-col-100 elementor-top-column elementor-element elementor-element-d9c9ced\" data-id=\"d9c9ced\" data-element_type=\"column\" data-e-type=\"column\">\n\t\t\t<div class=\"elementor-widget-wrap elementor-element-populated\">\n\t\t\t\t\t\t<div class=\"elementor-element elementor-element-40b9d39 elementor-widget elementor-widget-text-editor\" data-id=\"40b9d39\" data-element_type=\"widget\" data-e-type=\"widget\" data-widget_type=\"text-editor.default\">\n\t\t\t\t<div class=\"elementor-widget-container\">\n\t\t\t\t\t\t\t\t\t<p>Peter F. Hamilton est un \u00e9crivain de science-fiction britannique, surtout connu pour ses \u0153uvres de space opera. Le 3\u00e8me tome de sa s\u00e9rie Salvation sortira en novembre 2021.<\/p>\t\t\t\t\t\t\t\t<\/div>\n\t\t\t\t<\/div>\n\t\t\t\t\t<\/div>\n\t\t<\/div>\n\t\t\t\t\t<\/div>\n\t\t<\/section>\n\t\t\t\t<section class=\"elementor-section elementor-top-section elementor-element elementor-element-b768740 elementor-section-boxed elementor-section-height-default elementor-section-height-default\" data-id=\"b768740\" data-element_type=\"section\" data-e-type=\"section\">\n\t\t\t\t\t\t<div class=\"elementor-container elementor-column-gap-default\">\n\t\t\t\t\t<div class=\"elementor-column elementor-col-100 elementor-top-column elementor-element elementor-element-0b62efd\" data-id=\"0b62efd\" data-element_type=\"column\" data-e-type=\"column\">\n\t\t\t<div class=\"elementor-widget-wrap elementor-element-populated\">\n\t\t\t\t\t\t<div class=\"elementor-element elementor-element-9f93084 elementor-widget elementor-widget-spacer\" data-id=\"9f93084\" data-element_type=\"widget\" data-e-type=\"widget\" data-widget_type=\"spacer.default\">\n\t\t\t\t<div class=\"elementor-widget-container\">\n\t\t\t\t\t\t\t<div class=\"elementor-spacer\">\n\t\t\t<div class=\"elementor-spacer-inner\"><\/div>\n\t\t<\/div>\n\t\t\t\t\t\t<\/div>\n\t\t\t\t<\/div>\n\t\t\t\t\t<\/div>\n\t\t<\/div>\n\t\t\t\t\t<\/div>\n\t\t<\/section>\n\t\t\t\t<section class=\"elementor-section elementor-top-section elementor-element elementor-element-d98be89 elementor-section-boxed elementor-section-height-default elementor-section-height-default\" data-id=\"d98be89\" data-element_type=\"section\" data-e-type=\"section\">\n\t\t\t\t\t\t<div class=\"elementor-container elementor-column-gap-default\">\n\t\t\t\t\t<div class=\"elementor-column elementor-col-100 elementor-top-column elementor-element elementor-element-a7644fc\" data-id=\"a7644fc\" data-element_type=\"column\" data-e-type=\"column\">\n\t\t\t<div class=\"elementor-widget-wrap elementor-element-populated\">\n\t\t\t\t\t\t<div class=\"elementor-element elementor-element-fedcd90 elementor-widget-divider--view-line_text elementor-widget-divider--element-align-center elementor-widget elementor-widget-divider\" data-id=\"fedcd90\" data-element_type=\"widget\" data-e-type=\"widget\" data-widget_type=\"divider.default\">\n\t\t\t\t<div class=\"elementor-widget-container\">\n\t\t\t\t\t\t\t<div class=\"elementor-divider\">\n\t\t\t<span class=\"elementor-divider-separator\">\n\t\t\t\t\t\t\t<span class=\"elementor-divider__text elementor-divider__element\">\n\t\t\t\tDes Parrain et Marraine\t\t\t\t<\/span>\n\t\t\t\t\t\t<\/span>\n\t\t<\/div>\n\t\t\t\t\t\t<\/div>\n\t\t\t\t<\/div>\n\t\t\t\t\t<\/div>\n\t\t<\/div>\n\t\t\t\t\t<\/div>\n\t\t<\/section>\n\t\t\t\t<section class=\"elementor-section elementor-top-section elementor-element elementor-element-1887959 elementor-section-boxed elementor-section-height-default elementor-section-height-default\" data-id=\"1887959\" data-element_type=\"section\" data-e-type=\"section\">\n\t\t\t\t\t\t<div class=\"elementor-container elementor-column-gap-default\">\n\t\t\t\t\t<div class=\"elementor-column elementor-col-100 elementor-top-column elementor-element elementor-element-cd9b840\" data-id=\"cd9b840\" data-element_type=\"column\" data-e-type=\"column\">\n\t\t\t<div class=\"elementor-widget-wrap elementor-element-populated\">\n\t\t\t\t\t\t<div class=\"elementor-element elementor-element-f6ee624 elementor-widget elementor-widget-text-editor\" data-id=\"f6ee624\" data-element_type=\"widget\" data-e-type=\"widget\" data-widget_type=\"text-editor.default\">\n\t\t\t\t<div class=\"elementor-widget-container\">\n\t\t\t\t\t\t\t\t\t<p><strong>Aur\u00e9lie Wellenstein<\/strong> qui fut l&#8217;auteure Coup de Coeur du festival 2017.<\/p><p><strong>David Bry <\/strong>fut\u00a0nomin\u00e9 au prix Imaginales 2018 avec Que passe l&#8217;hiver.<\/p>\t\t\t\t\t\t\t\t<\/div>\n\t\t\t\t<\/div>\n\t\t\t\t\t<\/div>\n\t\t<\/div>\n\t\t\t\t\t<\/div>\n\t\t<\/section>\n\t\t\t\t<section class=\"elementor-section elementor-top-section elementor-element elementor-element-eab769a elementor-section-boxed elementor-section-height-default elementor-section-height-default\" data-id=\"eab769a\" data-element_type=\"section\" data-e-type=\"section\">\n\t\t\t\t\t\t<div class=\"elementor-container elementor-column-gap-default\">\n\t\t\t\t\t<div class=\"elementor-column elementor-col-100 elementor-top-column elementor-element elementor-element-b53b9f5\" data-id=\"b53b9f5\" data-element_type=\"column\" data-e-type=\"column\">\n\t\t\t<div class=\"elementor-widget-wrap elementor-element-populated\">\n\t\t\t\t\t\t<div class=\"elementor-element elementor-element-0c71a4a elementor-widget elementor-widget-spacer\" data-id=\"0c71a4a\" data-element_type=\"widget\" data-e-type=\"widget\" data-widget_type=\"spacer.default\">\n\t\t\t\t<div class=\"elementor-widget-container\">\n\t\t\t\t\t\t\t<div class=\"elementor-spacer\">\n\t\t\t<div class=\"elementor-spacer-inner\"><\/div>\n\t\t<\/div>\n\t\t\t\t\t\t<\/div>\n\t\t\t\t<\/div>\n\t\t\t\t\t<\/div>\n\t\t<\/div>\n\t\t\t\t\t<\/div>\n\t\t<\/section>\n\t\t\t\t<section class=\"elementor-section elementor-top-section elementor-element elementor-element-b635e01 elementor-section-boxed elementor-section-height-default elementor-section-height-default\" data-id=\"b635e01\" data-element_type=\"section\" data-e-type=\"section\">\n\t\t\t\t\t\t<div class=\"elementor-container elementor-column-gap-default\">\n\t\t\t\t\t<div class=\"elementor-column elementor-col-100 elementor-top-column elementor-element elementor-element-c858f2e\" data-id=\"c858f2e\" data-element_type=\"column\" data-e-type=\"column\">\n\t\t\t<div class=\"elementor-widget-wrap elementor-element-populated\">\n\t\t\t\t\t\t<div class=\"elementor-element elementor-element-6867a02 elementor-widget-divider--view-line_text elementor-widget-divider--element-align-center elementor-widget elementor-widget-divider\" data-id=\"6867a02\" data-element_type=\"widget\" data-e-type=\"widget\" data-widget_type=\"divider.default\">\n\t\t\t\t<div class=\"elementor-widget-container\">\n\t\t\t\t\t\t\t<div class=\"elementor-divider\">\n\t\t\t<span class=\"elementor-divider-separator\">\n\t\t\t\t\t\t\t<span class=\"elementor-divider__text elementor-divider__element\">\n\t\t\t\t Des Invit\u00e9s\t\t\t\t<\/span>\n\t\t\t\t\t\t<\/span>\n\t\t<\/div>\n\t\t\t\t\t\t<\/div>\n\t\t\t\t<\/div>\n\t\t\t\t\t<\/div>\n\t\t<\/div>\n\t\t\t\t\t<\/div>\n\t\t<\/section>\n\t\t\t\t<section class=\"elementor-section elementor-top-section elementor-element elementor-element-09ba4f2 elementor-section-boxed elementor-section-height-default elementor-section-height-default\" data-id=\"09ba4f2\" data-element_type=\"section\" data-e-type=\"section\">\n\t\t\t\t\t\t<div class=\"elementor-container elementor-column-gap-default\">\n\t\t\t\t\t<div class=\"elementor-column elementor-col-100 elementor-top-column elementor-element elementor-element-308decf\" data-id=\"308decf\" data-element_type=\"column\" data-e-type=\"column\">\n\t\t\t<div class=\"elementor-widget-wrap elementor-element-populated\">\n\t\t\t\t\t\t<div class=\"elementor-element elementor-element-50b94ba elementor-widget elementor-widget-text-editor\" data-id=\"50b94ba\" data-element_type=\"widget\" data-e-type=\"widget\" data-widget_type=\"text-editor.default\">\n\t\t\t\t<div class=\"elementor-widget-container\">\n\t\t\t\t\t\t\t\t\t<p style=\"text-align: center;\">Lise Syven<\/p><p style=\"text-align: center;\">C\u00e9lia Flaux<\/p><p style=\"text-align: center;\">Jean-Laurent Del Socorro<\/p><p style=\"text-align: center;\">Fabien Clavel<\/p><p style=\"text-align: center;\">Emilie Querbalec<\/p><p style=\"text-align: center;\">Ariel Holzl<\/p><p style=\"text-align: center;\">Nadia Coste<\/p><p style=\"text-align: center;\">Victor Fleury<\/p><p style=\"text-align: center;\">Lloyd Ch\u00e9ry<\/p><p style=\"text-align: center;\">Tiphs<br \/>L&#8217;illustratrice qui a cr\u00e9\u00e9e l&#8217;affiche.<\/p>\t\t\t\t\t\t\t\t<\/div>\n\t\t\t\t<\/div>\n\t\t\t\t\t<\/div>\n\t\t<\/div>\n\t\t\t\t\t<\/div>\n\t\t<\/section>\n\t\t\t\t<section class=\"elementor-section elementor-top-section elementor-element elementor-element-f4b5f02 elementor-section-boxed elementor-section-height-default elementor-section-height-default\" data-id=\"f4b5f02\" data-element_type=\"section\" data-e-type=\"section\">\n\t\t\t\t\t\t<div class=\"elementor-container elementor-column-gap-default\">\n\t\t\t\t\t<div class=\"elementor-column elementor-col-100 elementor-top-column elementor-element elementor-element-610a178\" data-id=\"610a178\" data-element_type=\"column\" data-e-type=\"column\">\n\t\t\t<div class=\"elementor-widget-wrap elementor-element-populated\">\n\t\t\t\t\t\t<div class=\"elementor-element elementor-element-9a10501 elementor-widget elementor-widget-text-editor\" data-id=\"9a10501\" data-element_type=\"widget\" data-e-type=\"widget\" data-widget_type=\"text-editor.default\">\n\t\t\t\t<div class=\"elementor-widget-container\">\n\t\t\t\t\t\t\t\t\t<h4>NOUVEAUT\u00c9 2021 :<\/h4><p>Le prix Aventuriales, dot\u00e9 initialement de 200 euros pour l\u2019auteur r\u00e9compensera cette <br \/>ann\u00e9e \u00e9galement l\u2019\u00e9diteur de l\u2019ouvrage gagnant : 200 euros pour l\u2019auteur et 100 euros pour <br \/>l\u2019\u00e9diteur.<\/p>\t\t\t\t\t\t\t\t<\/div>\n\t\t\t\t<\/div>\n\t\t\t\t\t<\/div>\n\t\t<\/div>\n\t\t\t\t\t<\/div>\n\t\t<\/section>\n\t\t\t\t<section class=\"elementor-section elementor-top-section elementor-element elementor-element-9badfcc elementor-section-boxed elementor-section-height-default elementor-section-height-default\" data-id=\"9badfcc\" data-element_type=\"section\" data-e-type=\"section\">\n\t\t\t\t\t\t<div class=\"elementor-container elementor-column-gap-default\">\n\t\t\t\t\t<div class=\"elementor-column elementor-col-100 elementor-top-column elementor-element elementor-element-db08e1b\" data-id=\"db08e1b\" data-element_type=\"column\" data-e-type=\"column\">\n\t\t\t<div class=\"elementor-widget-wrap elementor-element-populated\">\n\t\t\t\t\t\t<div class=\"elementor-element elementor-element-6e8a2e5 elementor-widget elementor-widget-text-editor\" data-id=\"6e8a2e5\" data-element_type=\"widget\" data-e-type=\"widget\" data-widget_type=\"text-editor.default\">\n\t\t\t\t<div class=\"elementor-widget-container\">\n\t\t\t\t\t\t\t\t\t<h5>Tous les participants vous attendent nombreux et se feront un plaisir de vous rencontrer !<\/h5>\t\t\t\t\t\t\t\t<\/div>\n\t\t\t\t<\/div>\n\t\t\t\t\t<\/div>\n\t\t<\/div>\n\t\t\t\t\t<\/div>\n\t\t<\/section>\n\t\t\t\t<section class=\"elementor-section elementor-top-section elementor-element elementor-element-1ab870b elementor-section-boxed elementor-section-height-default elementor-section-height-default\" data-id=\"1ab870b\" data-element_type=\"section\" data-e-type=\"section\">\n\t\t\t\t\t\t<div class=\"elementor-container elementor-column-gap-default\">\n\t\t\t\t\t<div class=\"elementor-column elementor-col-100 elementor-top-column elementor-element elementor-element-95b4915\" data-id=\"95b4915\" data-element_type=\"column\" data-e-type=\"column\">\n\t\t\t<div class=\"elementor-widget-wrap elementor-element-populated\">\n\t\t\t\t\t\t<div class=\"elementor-element elementor-element-2be5eec elementor-widget elementor-widget-text-editor\" data-id=\"2be5eec\" data-element_type=\"widget\" data-e-type=\"widget\" data-widget_type=\"text-editor.default\">\n\t\t\t\t<div class=\"elementor-widget-container\">\n\t\t\t\t\t\t\t\t\t<p>Le site internet des <a href=\"https:\/\/www.aventuriales.fr\">Aventuriales<\/a><\/p>\t\t\t\t\t\t\t\t<\/div>\n\t\t\t\t<\/div>\n\t\t\t\t\t<\/div>\n\t\t<\/div>\n\t\t\t\t\t<\/div>\n\t\t<\/section>\n\t\t\t\t<section class=\"elementor-section elementor-top-section elementor-element elementor-element-14046ed elementor-section-boxed elementor-section-height-default elementor-section-height-default\" data-id=\"14046ed\" data-element_type=\"section\" data-e-type=\"section\">\n\t\t\t\t\t\t<div class=\"elementor-container elementor-column-gap-default\">\n\t\t\t\t\t<div class=\"elementor-column elementor-col-100 elementor-top-column elementor-element elementor-element-8c59899\" data-id=\"8c59899\" data-element_type=\"column\" data-e-type=\"column\">\n\t\t\t<div class=\"elementor-widget-wrap elementor-element-populated\">\n\t\t\t\t\t\t<div class=\"elementor-element elementor-element-ae31726 elementor-widget elementor-widget-text-editor\" data-id=\"ae31726\" data-element_type=\"widget\" data-e-type=\"widget\" data-widget_type=\"text-editor.default\">\n\t\t\t\t<div class=\"elementor-widget-container\">\n\t\t\t\t\t\t\t\t\t<p>La page <a href=\"https:\/\/www.facebook.com\/LesAventuriales\">Facebook<\/a><\/p>\t\t\t\t\t\t\t\t<\/div>\n\t\t\t\t<\/div>\n\t\t\t\t\t<\/div>\n\t\t<\/div>\n\t\t\t\t\t<\/div>\n\t\t<\/section>\n\t\t\t\t<section class=\"elementor-section elementor-top-section elementor-element elementor-element-9185a56 elementor-section-boxed elementor-section-height-default elementor-section-height-default\" data-id=\"9185a56\" data-element_type=\"section\" data-e-type=\"section\">\n\t\t\t\t\t\t<div class=\"elementor-container elementor-column-gap-default\">\n\t\t\t\t\t<div class=\"elementor-column elementor-col-100 elementor-top-column elementor-element elementor-element-e65f97b\" data-id=\"e65f97b\" data-element_type=\"column\" data-e-type=\"column\">\n\t\t\t<div class=\"elementor-widget-wrap elementor-element-populated\">\n\t\t\t\t\t\t<div class=\"elementor-element elementor-element-fecb6b1 elementor-widget elementor-widget-text-editor\" data-id=\"fecb6b1\" data-element_type=\"widget\" data-e-type=\"widget\" data-widget_type=\"text-editor.default\">\n\t\t\t\t<div class=\"elementor-widget-container\">\n\t\t\t\t\t\t\t\t\t<p><a href=\"https:\/\/www.instagram.com\/aventuriales\/\">Instagram<\/a><\/p>\t\t\t\t\t\t\t\t<\/div>\n\t\t\t\t<\/div>\n\t\t\t\t\t<\/div>\n\t\t<\/div>\n\t\t\t\t\t<\/div>\n\t\t<\/section>\n\t\t\t\t<\/div>\n\t\t","protected":false},"excerpt":{"rendered":"<p>Les Aventuriales. <\/p>\n<p>Pour la septi\u00e8me ann\u00e9e, le salon de l&#8217;imaginaire de M\u00e9n\u00e9trol, \u00e0 cot\u00e9 de Riom et \u00e0 un quart d&#8217;heure de Clermont-Ferrand, ouvrira ses portes les 25 et 26 septembre 2021.<\/p>\n","protected":false},"author":2,"featured_media":477,"comment_status":"open","ping_status":"open","sticky":false,"template":"","format":"standard","meta":{"_editorskit_title_hidden":false,"_editorskit_reading_time":1,"_editorskit_is_block_options_detached":false,"_editorskit_block_options_position":"{}","_themeisle_gutenberg_block_has_review":false,"jetpack_post_was_ever_published":false,"_jetpack_newsletter_access":"","_jetpack_dont_email_post_to_subs":false,"_jetpack_newsletter_tier_id":0,"_jetpack_memberships_contains_paywalled_content":false,"_jetpack_memberships_contains_paid_content":false,"footnotes":"","jetpack_publicize_message":"","jetpack_publicize_feature_enabled":true,"jetpack_social_post_already_shared":true,"jetpack_social_options":{"image_generator_settings":{"template":"highway","default_image_id":0,"font":"","enabled":false},"version":2}},"categories":[3],"tags":[31,33,30,29,32],"post_folder":[],"class_list":["post-116","post","type-post","status-publish","format-standard","has-post-thumbnail","hentry","category-blog","tag-auvergne","tag-festival","tag-imaginaires","tag-litterature","tag-salon"],"yoast_head":"<!-- This site is optimized with the Yoast SEO plugin v27.5 - https:\/\/yoast.com\/product\/yoast-seo-wordpress\/ -->\n<title>Les Aventuriales - Belisam&#039;Art<\/title>\n<meta name=\"description\" content=\"Les Aventuriales. Pour la septi\u00e8me ann\u00e9e, le salon de l&#039;imaginaire de M\u00e9n\u00e9trol, \u00e0 cot\u00e9 de Riom et \u00e0 un quart d&#039;heure de Clermont-Ferrand, ouvrira ses portes les 25 et 26 septembre 2021.\" \/>\n<meta name=\"robots\" content=\"index, follow, max-snippet:-1, max-image-preview:large, max-video-preview:-1\" \/>\n<link rel=\"canonical\" href=\"http:\/\/www.belisamart.fr\/Belisamart-Blog\/les-aventuriales\/\" \/>\n<meta property=\"og:locale\" content=\"fr_FR\" \/>\n<meta property=\"og:type\" content=\"article\" \/>\n<meta property=\"og:title\" content=\"Les Aventuriales Belisam&#039;Art\" \/>\n<meta property=\"og:description\" content=\"Pour la septi\u00e8me ann\u00e9e, le salon de l&#039;imaginaire de M\u00e9n\u00e9trol, \u00e0 cot\u00e9 de Riom et \u00e0 un quart d&#039;heure de Clermont-Ferrand, ouvrira ses portes les 25 et 26 septembre 2021.\" \/>\n<meta property=\"og:url\" content=\"http:\/\/www.belisamart.fr\/Belisamart-Blog\/les-aventuriales\/\" \/>\n<meta property=\"og:site_name\" content=\"Belisam&#039;Art\" \/>\n<meta property=\"article:published_time\" content=\"2021-09-10T18:31:42+00:00\" \/>\n<meta property=\"article:modified_time\" content=\"2021-09-29T19:37:56+00:00\" \/>\n<meta property=\"og:image\" content=\"https:\/\/i2.wp.com\/www.belisamart.fr\/Belisamart-Blog\/wp-content\/uploads\/2021\/09\/Affiche-aventuriales2021.jpg?fit=1462%2C2048\" \/>\n\t<meta property=\"og:image:width\" content=\"1462\" \/>\n\t<meta property=\"og:image:height\" content=\"2048\" \/>\n\t<meta property=\"og:image:type\" content=\"image\/jpeg\" \/>\n<meta name=\"author\" content=\"Nathalie\" \/>\n<meta name=\"twitter:card\" content=\"summary_large_image\" \/>\n<meta name=\"twitter:label1\" content=\"\u00c9crit par\" \/>\n\t<meta name=\"twitter:data1\" content=\"Nathalie\" \/>\n\t<meta name=\"twitter:label2\" content=\"Dur\u00e9e de lecture estim\u00e9e\" \/>\n\t<meta name=\"twitter:data2\" content=\"2 minutes\" \/>\n<script type=\"application\/ld+json\" class=\"yoast-schema-graph\">{\"@context\":\"https:\\\/\\\/schema.org\",\"@graph\":[{\"@type\":\"Article\",\"@id\":\"http:\\\/\\\/www.belisamart.fr\\\/Belisamart-Blog\\\/les-aventuriales\\\/#article\",\"isPartOf\":{\"@id\":\"http:\\\/\\\/www.belisamart.fr\\\/Belisamart-Blog\\\/les-aventuriales\\\/\"},\"author\":{\"name\":\"Nathalie\",\"@id\":\"http:\\\/\\\/www.belisamart.fr\\\/Belisamart-Blog\\\/#\\\/schema\\\/person\\\/4e12252bd8a18876c9591602314ac177\"},\"headline\":\"Les Aventuriales\",\"datePublished\":\"2021-09-10T18:31:42+00:00\",\"dateModified\":\"2021-09-29T19:37:56+00:00\",\"mainEntityOfPage\":{\"@id\":\"http:\\\/\\\/www.belisamart.fr\\\/Belisamart-Blog\\\/les-aventuriales\\\/\"},\"wordCount\":326,\"commentCount\":0,\"image\":{\"@id\":\"http:\\\/\\\/www.belisamart.fr\\\/Belisamart-Blog\\\/les-aventuriales\\\/#primaryimage\"},\"thumbnailUrl\":\"https:\\\/\\\/i0.wp.com\\\/www.belisamart.fr\\\/Belisamart-Blog\\\/wp-content\\\/uploads\\\/2021\\\/09\\\/Aventuriales.png?fit=1749%2C1733\",\"keywords\":[\"Auvergne\",\"festival\",\"imaginaires\",\"litt\u00e9rature\",\"Salon\"],\"articleSection\":[\"Blog\"],\"inLanguage\":\"fr-FR\",\"potentialAction\":[{\"@type\":\"CommentAction\",\"name\":\"Comment\",\"target\":[\"http:\\\/\\\/www.belisamart.fr\\\/Belisamart-Blog\\\/les-aventuriales\\\/#respond\"]}]},{\"@type\":\"WebPage\",\"@id\":\"http:\\\/\\\/www.belisamart.fr\\\/Belisamart-Blog\\\/les-aventuriales\\\/\",\"url\":\"http:\\\/\\\/www.belisamart.fr\\\/Belisamart-Blog\\\/les-aventuriales\\\/\",\"name\":\"Les Aventuriales - Belisam&#039;Art\",\"isPartOf\":{\"@id\":\"http:\\\/\\\/www.belisamart.fr\\\/Belisamart-Blog\\\/#website\"},\"primaryImageOfPage\":{\"@id\":\"http:\\\/\\\/www.belisamart.fr\\\/Belisamart-Blog\\\/les-aventuriales\\\/#primaryimage\"},\"image\":{\"@id\":\"http:\\\/\\\/www.belisamart.fr\\\/Belisamart-Blog\\\/les-aventuriales\\\/#primaryimage\"},\"thumbnailUrl\":\"https:\\\/\\\/i0.wp.com\\\/www.belisamart.fr\\\/Belisamart-Blog\\\/wp-content\\\/uploads\\\/2021\\\/09\\\/Aventuriales.png?fit=1749%2C1733\",\"datePublished\":\"2021-09-10T18:31:42+00:00\",\"dateModified\":\"2021-09-29T19:37:56+00:00\",\"author\":{\"@id\":\"http:\\\/\\\/www.belisamart.fr\\\/Belisamart-Blog\\\/#\\\/schema\\\/person\\\/4e12252bd8a18876c9591602314ac177\"},\"description\":\"Les Aventuriales. Pour la septi\u00e8me ann\u00e9e, le salon de l'imaginaire de M\u00e9n\u00e9trol, \u00e0 cot\u00e9 de Riom et \u00e0 un quart d'heure de Clermont-Ferrand, ouvrira ses portes les 25 et 26 septembre 2021.\",\"breadcrumb\":{\"@id\":\"http:\\\/\\\/www.belisamart.fr\\\/Belisamart-Blog\\\/les-aventuriales\\\/#breadcrumb\"},\"inLanguage\":\"fr-FR\",\"potentialAction\":[{\"@type\":\"ReadAction\",\"target\":[\"http:\\\/\\\/www.belisamart.fr\\\/Belisamart-Blog\\\/les-aventuriales\\\/\"]}]},{\"@type\":\"ImageObject\",\"inLanguage\":\"fr-FR\",\"@id\":\"http:\\\/\\\/www.belisamart.fr\\\/Belisamart-Blog\\\/les-aventuriales\\\/#primaryimage\",\"url\":\"https:\\\/\\\/i0.wp.com\\\/www.belisamart.fr\\\/Belisamart-Blog\\\/wp-content\\\/uploads\\\/2021\\\/09\\\/Aventuriales.png?fit=1749%2C1733\",\"contentUrl\":\"https:\\\/\\\/i0.wp.com\\\/www.belisamart.fr\\\/Belisamart-Blog\\\/wp-content\\\/uploads\\\/2021\\\/09\\\/Aventuriales.png?fit=1749%2C1733\",\"width\":1749,\"height\":1733},{\"@type\":\"BreadcrumbList\",\"@id\":\"http:\\\/\\\/www.belisamart.fr\\\/Belisamart-Blog\\\/les-aventuriales\\\/#breadcrumb\",\"itemListElement\":[{\"@type\":\"ListItem\",\"position\":1,\"name\":\"Accueil\",\"item\":\"http:\\\/\\\/www.belisamart.fr\\\/Belisamart-Blog\\\/\"},{\"@type\":\"ListItem\",\"position\":2,\"name\":\"Les Aventuriales\"}]},{\"@type\":\"WebSite\",\"@id\":\"http:\\\/\\\/www.belisamart.fr\\\/Belisamart-Blog\\\/#website\",\"url\":\"http:\\\/\\\/www.belisamart.fr\\\/Belisamart-Blog\\\/\",\"name\":\"Belisam&#039;Art\",\"description\":\"Blog culturel Belisam&#039;Art\",\"potentialAction\":[{\"@type\":\"SearchAction\",\"target\":{\"@type\":\"EntryPoint\",\"urlTemplate\":\"http:\\\/\\\/www.belisamart.fr\\\/Belisamart-Blog\\\/?s={search_term_string}\"},\"query-input\":{\"@type\":\"PropertyValueSpecification\",\"valueRequired\":true,\"valueName\":\"search_term_string\"}}],\"inLanguage\":\"fr-FR\"},{\"@type\":\"Person\",\"@id\":\"http:\\\/\\\/www.belisamart.fr\\\/Belisamart-Blog\\\/#\\\/schema\\\/person\\\/4e12252bd8a18876c9591602314ac177\",\"name\":\"Nathalie\",\"image\":{\"@type\":\"ImageObject\",\"inLanguage\":\"fr-FR\",\"@id\":\"https:\\\/\\\/secure.gravatar.com\\\/avatar\\\/9113ae6ee9a36d19dd5bb25cc5c58499ca402f34fe8ba4e079065dc899d91722?s=96&d=mm&r=g\",\"url\":\"https:\\\/\\\/secure.gravatar.com\\\/avatar\\\/9113ae6ee9a36d19dd5bb25cc5c58499ca402f34fe8ba4e079065dc899d91722?s=96&d=mm&r=g\",\"contentUrl\":\"https:\\\/\\\/secure.gravatar.com\\\/avatar\\\/9113ae6ee9a36d19dd5bb25cc5c58499ca402f34fe8ba4e079065dc899d91722?s=96&d=mm&r=g\",\"caption\":\"Nathalie\"},\"url\":\"http:\\\/\\\/www.belisamart.fr\\\/Belisamart-Blog\\\/author\\\/auteure\\\/\"}]}<\/script>\n<!-- \/ Yoast SEO plugin. -->","yoast_head_json":{"title":"Les Aventuriales - Belisam&#039;Art","description":"Les Aventuriales. Pour la septi\u00e8me ann\u00e9e, le salon de l'imaginaire de M\u00e9n\u00e9trol, \u00e0 cot\u00e9 de Riom et \u00e0 un quart d'heure de Clermont-Ferrand, ouvrira ses portes les 25 et 26 septembre 2021.","robots":{"index":"index","follow":"follow","max-snippet":"max-snippet:-1","max-image-preview":"max-image-preview:large","max-video-preview":"max-video-preview:-1"},"canonical":"http:\/\/www.belisamart.fr\/Belisamart-Blog\/les-aventuriales\/","og_locale":"fr_FR","og_type":"article","og_title":"Les Aventuriales Belisam&#039;Art","og_description":"Pour la septi\u00e8me ann\u00e9e, le salon de l'imaginaire de M\u00e9n\u00e9trol, \u00e0 cot\u00e9 de Riom et \u00e0 un quart d'heure de Clermont-Ferrand, ouvrira ses portes les 25 et 26 septembre 2021.","og_url":"http:\/\/www.belisamart.fr\/Belisamart-Blog\/les-aventuriales\/","og_site_name":"Belisam&#039;Art","article_published_time":"2021-09-10T18:31:42+00:00","article_modified_time":"2021-09-29T19:37:56+00:00","og_image":[{"width":1462,"height":2048,"url":"https:\/\/i2.wp.com\/www.belisamart.fr\/Belisamart-Blog\/wp-content\/uploads\/2021\/09\/Affiche-aventuriales2021.jpg?fit=1462%2C2048","type":"image\/jpeg"}],"author":"Nathalie","twitter_card":"summary_large_image","twitter_misc":{"\u00c9crit par":"Nathalie","Dur\u00e9e de lecture estim\u00e9e":"2 minutes"},"schema":{"@context":"https:\/\/schema.org","@graph":[{"@type":"Article","@id":"http:\/\/www.belisamart.fr\/Belisamart-Blog\/les-aventuriales\/#article","isPartOf":{"@id":"http:\/\/www.belisamart.fr\/Belisamart-Blog\/les-aventuriales\/"},"author":{"name":"Nathalie","@id":"http:\/\/www.belisamart.fr\/Belisamart-Blog\/#\/schema\/person\/4e12252bd8a18876c9591602314ac177"},"headline":"Les Aventuriales","datePublished":"2021-09-10T18:31:42+00:00","dateModified":"2021-09-29T19:37:56+00:00","mainEntityOfPage":{"@id":"http:\/\/www.belisamart.fr\/Belisamart-Blog\/les-aventuriales\/"},"wordCount":326,"commentCount":0,"image":{"@id":"http:\/\/www.belisamart.fr\/Belisamart-Blog\/les-aventuriales\/#primaryimage"},"thumbnailUrl":"https:\/\/i0.wp.com\/www.belisamart.fr\/Belisamart-Blog\/wp-content\/uploads\/2021\/09\/Aventuriales.png?fit=1749%2C1733","keywords":["Auvergne","festival","imaginaires","litt\u00e9rature","Salon"],"articleSection":["Blog"],"inLanguage":"fr-FR","potentialAction":[{"@type":"CommentAction","name":"Comment","target":["http:\/\/www.belisamart.fr\/Belisamart-Blog\/les-aventuriales\/#respond"]}]},{"@type":"WebPage","@id":"http:\/\/www.belisamart.fr\/Belisamart-Blog\/les-aventuriales\/","url":"http:\/\/www.belisamart.fr\/Belisamart-Blog\/les-aventuriales\/","name":"Les Aventuriales - Belisam&#039;Art","isPartOf":{"@id":"http:\/\/www.belisamart.fr\/Belisamart-Blog\/#website"},"primaryImageOfPage":{"@id":"http:\/\/www.belisamart.fr\/Belisamart-Blog\/les-aventuriales\/#primaryimage"},"image":{"@id":"http:\/\/www.belisamart.fr\/Belisamart-Blog\/les-aventuriales\/#primaryimage"},"thumbnailUrl":"https:\/\/i0.wp.com\/www.belisamart.fr\/Belisamart-Blog\/wp-content\/uploads\/2021\/09\/Aventuriales.png?fit=1749%2C1733","datePublished":"2021-09-10T18:31:42+00:00","dateModified":"2021-09-29T19:37:56+00:00","author":{"@id":"http:\/\/www.belisamart.fr\/Belisamart-Blog\/#\/schema\/person\/4e12252bd8a18876c9591602314ac177"},"description":"Les Aventuriales. Pour la septi\u00e8me ann\u00e9e, le salon de l'imaginaire de M\u00e9n\u00e9trol, \u00e0 cot\u00e9 de Riom et \u00e0 un quart d'heure de Clermont-Ferrand, ouvrira ses portes les 25 et 26 septembre 2021.","breadcrumb":{"@id":"http:\/\/www.belisamart.fr\/Belisamart-Blog\/les-aventuriales\/#breadcrumb"},"inLanguage":"fr-FR","potentialAction":[{"@type":"ReadAction","target":["http:\/\/www.belisamart.fr\/Belisamart-Blog\/les-aventuriales\/"]}]},{"@type":"ImageObject","inLanguage":"fr-FR","@id":"http:\/\/www.belisamart.fr\/Belisamart-Blog\/les-aventuriales\/#primaryimage","url":"https:\/\/i0.wp.com\/www.belisamart.fr\/Belisamart-Blog\/wp-content\/uploads\/2021\/09\/Aventuriales.png?fit=1749%2C1733","contentUrl":"https:\/\/i0.wp.com\/www.belisamart.fr\/Belisamart-Blog\/wp-content\/uploads\/2021\/09\/Aventuriales.png?fit=1749%2C1733","width":1749,"height":1733},{"@type":"BreadcrumbList","@id":"http:\/\/www.belisamart.fr\/Belisamart-Blog\/les-aventuriales\/#breadcrumb","itemListElement":[{"@type":"ListItem","position":1,"name":"Accueil","item":"http:\/\/www.belisamart.fr\/Belisamart-Blog\/"},{"@type":"ListItem","position":2,"name":"Les Aventuriales"}]},{"@type":"WebSite","@id":"http:\/\/www.belisamart.fr\/Belisamart-Blog\/#website","url":"http:\/\/www.belisamart.fr\/Belisamart-Blog\/","name":"Belisam&#039;Art","description":"Blog culturel Belisam&#039;Art","potentialAction":[{"@type":"SearchAction","target":{"@type":"EntryPoint","urlTemplate":"http:\/\/www.belisamart.fr\/Belisamart-Blog\/?s={search_term_string}"},"query-input":{"@type":"PropertyValueSpecification","valueRequired":true,"valueName":"search_term_string"}}],"inLanguage":"fr-FR"},{"@type":"Person","@id":"http:\/\/www.belisamart.fr\/Belisamart-Blog\/#\/schema\/person\/4e12252bd8a18876c9591602314ac177","name":"Nathalie","image":{"@type":"ImageObject","inLanguage":"fr-FR","@id":"https:\/\/secure.gravatar.com\/avatar\/9113ae6ee9a36d19dd5bb25cc5c58499ca402f34fe8ba4e079065dc899d91722?s=96&d=mm&r=g","url":"https:\/\/secure.gravatar.com\/avatar\/9113ae6ee9a36d19dd5bb25cc5c58499ca402f34fe8ba4e079065dc899d91722?s=96&d=mm&r=g","contentUrl":"https:\/\/secure.gravatar.com\/avatar\/9113ae6ee9a36d19dd5bb25cc5c58499ca402f34fe8ba4e079065dc899d91722?s=96&d=mm&r=g","caption":"Nathalie"},"url":"http:\/\/www.belisamart.fr\/Belisamart-Blog\/author\/auteure\/"}]}},"jetpack_publicize_connections":[],"jetpack_featured_media_url":"https:\/\/i0.wp.com\/www.belisamart.fr\/Belisamart-Blog\/wp-content\/uploads\/2021\/09\/Aventuriales.png?fit=1749%2C1733","jetpack_sharing_enabled":true,"jetpack_likes_enabled":true,"jetpack-related-posts":[{"id":498,"url":"http:\/\/www.belisamart.fr\/Belisamart-Blog\/christopher-evrard\/","url_meta":{"origin":116,"position":0},"title":"Christopher Evrard","author":"Nathalie","date":"18 septembre 2021","format":false,"excerpt":"Interview Bonjour Christophe et bienvenue sur Belisam'Art ! Merci de bien vouloir te pr\u00e9senter en quelques lignes. Je m\u2019appelle Christopher Evrard, j\u2019ai 33 ans, j\u2019\u00e9cris une saga de dark fantasy qui s\u2019intitule \u00ab\u00a0Les Royaumes D\u00e9moniaques\u00a0\u00bb, ce sont des romans illustr\u00e9s. Le 4e tome s\u2019appr\u00eate \u00e0 sortir gr\u00e2ce \u00e0 un financement\u2026","rel":"","context":"Dans &quot;Les interviews d'auteurs&quot;","block_context":{"text":"Les interviews d'auteurs","link":"http:\/\/www.belisamart.fr\/Belisamart-Blog\/category\/interviews\/les-interviews-dauteurs\/"},"img":{"alt_text":"couverture tome 1 Royaumes D\u00e9moniaques","src":"https:\/\/i0.wp.com\/www.belisamart.fr\/Belisamart-Blog\/wp-content\/uploads\/2021\/09\/couverture-tome-1-scaled.jpg?fit=848%2C1200&resize=350%2C200","width":350,"height":200,"srcset":"https:\/\/i0.wp.com\/www.belisamart.fr\/Belisamart-Blog\/wp-content\/uploads\/2021\/09\/couverture-tome-1-scaled.jpg?fit=848%2C1200&resize=350%2C200 1x, https:\/\/i0.wp.com\/www.belisamart.fr\/Belisamart-Blog\/wp-content\/uploads\/2021\/09\/couverture-tome-1-scaled.jpg?fit=848%2C1200&resize=525%2C300 1.5x, https:\/\/i0.wp.com\/www.belisamart.fr\/Belisamart-Blog\/wp-content\/uploads\/2021\/09\/couverture-tome-1-scaled.jpg?fit=848%2C1200&resize=700%2C400 2x"},"classes":[]},{"id":478,"url":"http:\/\/www.belisamart.fr\/Belisamart-Blog\/les-editions-malpertuis\/","url_meta":{"origin":116,"position":1},"title":"Les \u00e9ditions Malpertuis","author":"Nathalie","date":"13 septembre 2021","format":false,"excerpt":"Interview de Thomas Bauduret, co\u00e9diteur des \u00e9ditions Malpertuis","rel":"","context":"Dans &quot;Les interviews d'\u00e9diteurs&quot;","block_context":{"text":"Les interviews d'\u00e9diteurs","link":"http:\/\/www.belisamart.fr\/Belisamart-Blog\/category\/interviews\/les-interviews-dediteurs\/"},"img":{"alt_text":"","src":"https:\/\/i0.wp.com\/www.belisamart.fr\/Belisamart-Blog\/wp-content\/uploads\/2021\/09\/Malpertuis-IX.jpg?resize=350%2C200","width":350,"height":200},"classes":[]},{"id":429,"url":"http:\/\/www.belisamart.fr\/Belisamart-Blog\/interview-philippe-lemaire\/","url_meta":{"origin":116,"position":2},"title":"Philippe Lemaire","author":"Nathalie","date":"12 septembre 2021","format":false,"excerpt":"Interview de Philippe Lemaire, auteur de roman fantastique et dessinateur de BD. Philippe est l'auteur de la s\u00e9rie Radu Dracula.","rel":"","context":"Dans &quot;Les interviews d'auteurs&quot;","block_context":{"text":"Les interviews d'auteurs","link":"http:\/\/www.belisamart.fr\/Belisamart-Blog\/category\/interviews\/les-interviews-dauteurs\/"},"img":{"alt_text":"","src":"https:\/\/i0.wp.com\/www.belisamart.fr\/Belisamart-Blog\/wp-content\/uploads\/2021\/09\/EmbeddedImage-1.jpg?fit=437%2C475&resize=350%2C200","width":350,"height":200},"classes":[]},{"id":577,"url":"http:\/\/www.belisamart.fr\/Belisamart-Blog\/florent-lucea\/","url_meta":{"origin":116,"position":3},"title":"Florent Luc\u00e9a","author":"Nathalie","date":"23 octobre 2021","format":false,"excerpt":"Interview de Florent Luc\u00e9a, po\u00e8te-illustrateur, Artiste-Auteur, directeur de la Collection Encre S\u00e8che (orient\u00e9e BD, mangas et romans graphiques) des \u00c9ditions Ex-Aequo.","rel":"","context":"Dans &quot;Les interviews d'illustrateurs et graphistes&quot;","block_context":{"text":"Les interviews d'illustrateurs et graphistes","link":"http:\/\/www.belisamart.fr\/Belisamart-Blog\/category\/interviews\/les-interviews-dillustrateurs-et-graphistes\/"},"img":{"alt_text":"","src":"https:\/\/i0.wp.com\/www.belisamart.fr\/Belisamart-Blog\/wp-content\/uploads\/2021\/10\/Blair-et-Nuts.jpg?fit=1200%2C854&resize=350%2C200","width":350,"height":200,"srcset":"https:\/\/i0.wp.com\/www.belisamart.fr\/Belisamart-Blog\/wp-content\/uploads\/2021\/10\/Blair-et-Nuts.jpg?fit=1200%2C854&resize=350%2C200 1x, https:\/\/i0.wp.com\/www.belisamart.fr\/Belisamart-Blog\/wp-content\/uploads\/2021\/10\/Blair-et-Nuts.jpg?fit=1200%2C854&resize=525%2C300 1.5x, https:\/\/i0.wp.com\/www.belisamart.fr\/Belisamart-Blog\/wp-content\/uploads\/2021\/10\/Blair-et-Nuts.jpg?fit=1200%2C854&resize=700%2C400 2x, https:\/\/i0.wp.com\/www.belisamart.fr\/Belisamart-Blog\/wp-content\/uploads\/2021\/10\/Blair-et-Nuts.jpg?fit=1200%2C854&resize=1050%2C600 3x"},"classes":[]},{"id":546,"url":"http:\/\/www.belisamart.fr\/Belisamart-Blog\/rencontre-avec-fern\/","url_meta":{"origin":116,"position":4},"title":"Rencontre avec Fern","author":"Nathalie","date":"2 octobre 2021","format":false,"excerpt":"Bonjour Fern, Merci de bien vouloir te pr\u00e9senter en quelques lignes. J'avoue que je ne suis plus tellement frais, quoique bien entretenu et sans usures ni dommages notables. Je crois que 1948 fut une bonne ann\u00e9e. Parfois quand m\u00eame, p. ex. quand je participe \u00e0 un festival, je me sens\u2026","rel":"","context":"Dans &quot;Les interviews d'illustrateurs et graphistes&quot;","block_context":{"text":"Les interviews d'illustrateurs et graphistes","link":"http:\/\/www.belisamart.fr\/Belisamart-Blog\/category\/interviews\/les-interviews-dillustrateurs-et-graphistes\/"},"img":{"alt_text":"esquisse CONAN2 par Fern","src":"https:\/\/i0.wp.com\/www.belisamart.fr\/Belisamart-Blog\/wp-content\/uploads\/2021\/09\/esquisse-CONAN2.jpg?fit=595%2C842&resize=350%2C200","width":350,"height":200,"srcset":"https:\/\/i0.wp.com\/www.belisamart.fr\/Belisamart-Blog\/wp-content\/uploads\/2021\/09\/esquisse-CONAN2.jpg?fit=595%2C842&resize=350%2C200 1x, https:\/\/i0.wp.com\/www.belisamart.fr\/Belisamart-Blog\/wp-content\/uploads\/2021\/09\/esquisse-CONAN2.jpg?fit=595%2C842&resize=525%2C300 1.5x"},"classes":[]},{"id":459,"url":"http:\/\/www.belisamart.fr\/Belisamart-Blog\/mycelium-par-christian-perrot\/","url_meta":{"origin":116,"position":5},"title":"Myc\u00e9lium par Christian Perrot","author":"Nathalie","date":"15 septembre 2021","format":false,"excerpt":"\u00ab\u00a0En 2030, la base lunaire permanente accueille ses premiers colons. Un grand pas pour l\u2019humanit\u00e9. Apr\u00e8s quelques mois d\u2019occupation, l\u2019inqui\u00e9tude se r\u00e9pand sur Terre : la base ne r\u00e9pond plus. Les tentatives de communication restent toutes sans r\u00e9ponse. Pour tenter de comprendre les raisons de ce silence, la NASA d\u00e9ploie\u2026","rel":"","context":"Dans &quot;Blog&quot;","block_context":{"text":"Blog","link":"http:\/\/www.belisamart.fr\/Belisamart-Blog\/category\/blog\/"},"img":{"alt_text":"Myc\u00e9lium par Christian Perrot","src":"https:\/\/i0.wp.com\/www.belisamart.fr\/Belisamart-Blog\/wp-content\/uploads\/2021\/09\/Mycelium.jpg?fit=558%2C800&resize=350%2C200","width":350,"height":200,"srcset":"https:\/\/i0.wp.com\/www.belisamart.fr\/Belisamart-Blog\/wp-content\/uploads\/2021\/09\/Mycelium.jpg?fit=558%2C800&resize=350%2C200 1x, https:\/\/i0.wp.com\/www.belisamart.fr\/Belisamart-Blog\/wp-content\/uploads\/2021\/09\/Mycelium.jpg?fit=558%2C800&resize=525%2C300 1.5x"},"classes":[]}],"jetpack_shortlink":"https:\/\/wp.me\/pdhBgb-1S","_links":{"self":[{"href":"http:\/\/www.belisamart.fr\/Belisamart-Blog\/wp-json\/wp\/v2\/posts\/116","targetHints":{"allow":["GET"]}}],"collection":[{"href":"http:\/\/www.belisamart.fr\/Belisamart-Blog\/wp-json\/wp\/v2\/posts"}],"about":[{"href":"http:\/\/www.belisamart.fr\/Belisamart-Blog\/wp-json\/wp\/v2\/types\/post"}],"author":[{"embeddable":true,"href":"http:\/\/www.belisamart.fr\/Belisamart-Blog\/wp-json\/wp\/v2\/users\/2"}],"replies":[{"embeddable":true,"href":"http:\/\/www.belisamart.fr\/Belisamart-Blog\/wp-json\/wp\/v2\/comments?post=116"}],"version-history":[{"count":38,"href":"http:\/\/www.belisamart.fr\/Belisamart-Blog\/wp-json\/wp\/v2\/posts\/116\/revisions"}],"predecessor-version":[{"id":458,"href":"http:\/\/www.belisamart.fr\/Belisamart-Blog\/wp-json\/wp\/v2\/posts\/116\/revisions\/458"}],"wp:featuredmedia":[{"embeddable":true,"href":"http:\/\/www.belisamart.fr\/Belisamart-Blog\/wp-json\/wp\/v2\/media\/477"}],"wp:attachment":[{"href":"http:\/\/www.belisamart.fr\/Belisamart-Blog\/wp-json\/wp\/v2\/media?parent=116"}],"wp:term":[{"taxonomy":"category","embeddable":true,"href":"http:\/\/www.belisamart.fr\/Belisamart-Blog\/wp-json\/wp\/v2\/categories?post=116"},{"taxonomy":"post_tag","embeddable":true,"href":"http:\/\/www.belisamart.fr\/Belisamart-Blog\/wp-json\/wp\/v2\/tags?post=116"},{"taxonomy":"post_folder","embeddable":true,"href":"http:\/\/www.belisamart.fr\/Belisamart-Blog\/wp-json\/wp\/v2\/post_folder?post=116"}],"curies":[{"name":"wp","href":"https:\/\/api.w.org\/{rel}","templated":true}]}}