{"id":6,"count":1,"description":"Les interviews d'\u00e9diteurs, du projet \u00e0 la r\u00e9alisation, les genres litt\u00e9raires, les auteurs et les livres, les difficult\u00e9s rencontr\u00e9es.","link":"http:\/\/www.belisamart.fr\/Belisamart-Blog\/category\/interviews\/les-interviews-dediteurs\/","name":"Les interviews d'\u00e9diteurs","slug":"les-interviews-dediteurs","taxonomy":"category","parent":4,"meta":[],"yoast_head":"<!-- This site is optimized with the Yoast SEO plugin v27.5 - https:\/\/yoast.com\/product\/yoast-seo-wordpress\/ -->\n<title>Archives des Les interviews d&#039;\u00e9diteurs - Belisam&#039;Art<\/title>\n<meta name=\"description\" content=\"Les interviews d&#039;\u00e9diteurs, du projet \u00e0 la r\u00e9alisation, les genres litt\u00e9raires, les auteurs et les livres, les difficult\u00e9s rencontr\u00e9es.\" \/>\n<meta name=\"robots\" content=\"index, follow, max-snippet:-1, max-image-preview:large, max-video-preview:-1\" \/>\n<link rel=\"canonical\" href=\"http:\/\/www.belisamart.fr\/Belisamart-Blog\/category\/interviews\/les-interviews-dediteurs\/\" \/>\n<meta property=\"og:locale\" content=\"fr_FR\" \/>\n<meta property=\"og:type\" content=\"article\" \/>\n<meta property=\"og:title\" content=\"Archives des Les interviews d&#039;\u00e9diteurs - Belisam&#039;Art\" \/>\n<meta property=\"og:description\" content=\"Les interviews d&#039;\u00e9diteurs, du projet \u00e0 la r\u00e9alisation, les genres litt\u00e9raires, les auteurs et les livres, les difficult\u00e9s rencontr\u00e9es.\" \/>\n<meta property=\"og:url\" content=\"http:\/\/www.belisamart.fr\/Belisamart-Blog\/category\/interviews\/les-interviews-dediteurs\/\" \/>\n<meta property=\"og:site_name\" content=\"Belisam&#039;Art\" \/>\n<meta name=\"twitter:card\" content=\"summary_large_image\" \/>\n<script type=\"application\/ld+json\" class=\"yoast-schema-graph\">{\"@context\":\"https:\\\/\\\/schema.org\",\"@graph\":[{\"@type\":\"CollectionPage\",\"@id\":\"http:\\\/\\\/www.belisamart.fr\\\/Belisamart-Blog\\\/category\\\/interviews\\\/les-interviews-dediteurs\\\/\",\"url\":\"http:\\\/\\\/www.belisamart.fr\\\/Belisamart-Blog\\\/category\\\/interviews\\\/les-interviews-dediteurs\\\/\",\"name\":\"Archives des Les interviews d'\u00e9diteurs - Belisam&#039;Art\",\"isPartOf\":{\"@id\":\"http:\\\/\\\/www.belisamart.fr\\\/Belisamart-Blog\\\/#website\"},\"description\":\"Les interviews d'\u00e9diteurs, du projet \u00e0 la r\u00e9alisation, les genres litt\u00e9raires, les auteurs et les livres, les difficult\u00e9s rencontr\u00e9es.\",\"breadcrumb\":{\"@id\":\"http:\\\/\\\/www.belisamart.fr\\\/Belisamart-Blog\\\/category\\\/interviews\\\/les-interviews-dediteurs\\\/#breadcrumb\"},\"inLanguage\":\"fr-FR\"},{\"@type\":\"BreadcrumbList\",\"@id\":\"http:\\\/\\\/www.belisamart.fr\\\/Belisamart-Blog\\\/category\\\/interviews\\\/les-interviews-dediteurs\\\/#breadcrumb\",\"itemListElement\":[{\"@type\":\"ListItem\",\"position\":1,\"name\":\"Accueil\",\"item\":\"http:\\\/\\\/www.belisamart.fr\\\/Belisamart-Blog\\\/\"},{\"@type\":\"ListItem\",\"position\":2,\"name\":\"Interviews\",\"item\":\"http:\\\/\\\/www.belisamart.fr\\\/Belisamart-Blog\\\/category\\\/interviews\\\/\"},{\"@type\":\"ListItem\",\"position\":3,\"name\":\"Les interviews d'\u00e9diteurs\"}]},{\"@type\":\"WebSite\",\"@id\":\"http:\\\/\\\/www.belisamart.fr\\\/Belisamart-Blog\\\/#website\",\"url\":\"http:\\\/\\\/www.belisamart.fr\\\/Belisamart-Blog\\\/\",\"name\":\"Belisam&#039;Art\",\"description\":\"Blog culturel Belisam&#039;Art\",\"potentialAction\":[{\"@type\":\"SearchAction\",\"target\":{\"@type\":\"EntryPoint\",\"urlTemplate\":\"http:\\\/\\\/www.belisamart.fr\\\/Belisamart-Blog\\\/?s={search_term_string}\"},\"query-input\":{\"@type\":\"PropertyValueSpecification\",\"valueRequired\":true,\"valueName\":\"search_term_string\"}}],\"inLanguage\":\"fr-FR\"}]}<\/script>\n<!-- \/ Yoast SEO plugin. -->","yoast_head_json":{"title":"Archives des Les interviews d'\u00e9diteurs - Belisam&#039;Art","description":"Les interviews d'\u00e9diteurs, du projet \u00e0 la r\u00e9alisation, les genres litt\u00e9raires, les auteurs et les livres, les difficult\u00e9s rencontr\u00e9es.","robots":{"index":"index","follow":"follow","max-snippet":"max-snippet:-1","max-image-preview":"max-image-preview:large","max-video-preview":"max-video-preview:-1"},"canonical":"http:\/\/www.belisamart.fr\/Belisamart-Blog\/category\/interviews\/les-interviews-dediteurs\/","og_locale":"fr_FR","og_type":"article","og_title":"Archives des Les interviews d'\u00e9diteurs - Belisam&#039;Art","og_description":"Les interviews d'\u00e9diteurs, du projet \u00e0 la r\u00e9alisation, les genres litt\u00e9raires, les auteurs et les livres, les difficult\u00e9s rencontr\u00e9es.","og_url":"http:\/\/www.belisamart.fr\/Belisamart-Blog\/category\/interviews\/les-interviews-dediteurs\/","og_site_name":"Belisam&#039;Art","twitter_card":"summary_large_image","schema":{"@context":"https:\/\/schema.org","@graph":[{"@type":"CollectionPage","@id":"http:\/\/www.belisamart.fr\/Belisamart-Blog\/category\/interviews\/les-interviews-dediteurs\/","url":"http:\/\/www.belisamart.fr\/Belisamart-Blog\/category\/interviews\/les-interviews-dediteurs\/","name":"Archives des Les interviews d'\u00e9diteurs - Belisam&#039;Art","isPartOf":{"@id":"http:\/\/www.belisamart.fr\/Belisamart-Blog\/#website"},"description":"Les interviews d'\u00e9diteurs, du projet \u00e0 la r\u00e9alisation, les genres litt\u00e9raires, les auteurs et les livres, les difficult\u00e9s rencontr\u00e9es.","breadcrumb":{"@id":"http:\/\/www.belisamart.fr\/Belisamart-Blog\/category\/interviews\/les-interviews-dediteurs\/#breadcrumb"},"inLanguage":"fr-FR"},{"@type":"BreadcrumbList","@id":"http:\/\/www.belisamart.fr\/Belisamart-Blog\/category\/interviews\/les-interviews-dediteurs\/#breadcrumb","itemListElement":[{"@type":"ListItem","position":1,"name":"Accueil","item":"http:\/\/www.belisamart.fr\/Belisamart-Blog\/"},{"@type":"ListItem","position":2,"name":"Interviews","item":"http:\/\/www.belisamart.fr\/Belisamart-Blog\/category\/interviews\/"},{"@type":"ListItem","position":3,"name":"Les interviews d'\u00e9diteurs"}]},{"@type":"WebSite","@id":"http:\/\/www.belisamart.fr\/Belisamart-Blog\/#website","url":"http:\/\/www.belisamart.fr\/Belisamart-Blog\/","name":"Belisam&#039;Art","description":"Blog culturel Belisam&#039;Art","potentialAction":[{"@type":"SearchAction","target":{"@type":"EntryPoint","urlTemplate":"http:\/\/www.belisamart.fr\/Belisamart-Blog\/?s={search_term_string}"},"query-input":{"@type":"PropertyValueSpecification","valueRequired":true,"valueName":"search_term_string"}}],"inLanguage":"fr-FR"}]}},"_links":{"self":[{"href":"http:\/\/www.belisamart.fr\/Belisamart-Blog\/wp-json\/wp\/v2\/categories\/6","targetHints":{"allow":["GET"]}}],"collection":[{"href":"http:\/\/www.belisamart.fr\/Belisamart-Blog\/wp-json\/wp\/v2\/categories"}],"about":[{"href":"http:\/\/www.belisamart.fr\/Belisamart-Blog\/wp-json\/wp\/v2\/taxonomies\/category"}],"up":[{"embeddable":true,"href":"http:\/\/www.belisamart.fr\/Belisamart-Blog\/wp-json\/wp\/v2\/categories\/4"}],"wp:post_type":[{"href":"http:\/\/www.belisamart.fr\/Belisamart-Blog\/wp-json\/wp\/v2\/posts?categories=6"}],"curies":[{"name":"wp","href":"https:\/\/api.w.org\/{rel}","templated":true}]}}